{"id":120590,"date":"2025-12-30T08:19:14","date_gmt":"2025-12-30T08:19:14","guid":{"rendered":"https:\/\/www.europesays.com\/se\/120590\/"},"modified":"2025-12-30T08:19:14","modified_gmt":"2025-12-30T08:19:14","slug":"8-sidor-tolv-bilder-fran-ar-2025","status":"publish","type":"post","link":"https:\/\/www.europesays.com\/se\/120590\/","title":{"rendered":"8 Sidor &#8211; Tolv bilder fr\u00e5n \u00e5r 2025"},"content":{"rendered":"<p>Det \u00e4r dags att s\u00e4ga hej d\u00e5<br \/>till \u00e5ret 2025.<br \/>Vi har samlat tolv bilder fr\u00e5n 2025.<br \/>En bild f\u00f6r varje m\u00e5nad.<\/p>\n<p>Allt som h\u00e4nde f\u00e5r inte plats.<br \/>Nyheterna handlade mycket<br \/>om krig och br\u00e5k.<\/p>\n<p>Rysslands krig<br \/>mot Ukraina fortsatte.<br \/>Det har varit krig<br \/>i n\u00e4stan fyra \u00e5r.<\/p>\n<p>I Sudan \u00e4r det ocks\u00e5 krig.<br \/>Det \u00e4r regeringens milit\u00e4rer<br \/>och gruppen RSF som krigar.<br \/>Flera hundra tusen m\u00e4nniskor<br \/>har tvingats fly i Sudan.<\/p>\n<p>I februari h\u00e4nde det v\u00e4rsta<br \/>massmordet n\u00e5gonsin i Sverige.<br \/>En man sk\u00f6t ihj\u00e4l tio personer<br \/>p\u00e5 en skola i \u00d6rebro.<\/p>\n<p>Men det h\u00e4nde bra saker ocks\u00e5.<br \/>I Gaza blev det paus<br \/>i kriget mellan Israel<br \/>och gruppen Hamas.<\/p>\n<p>Och svenska idrottare vann<br \/>flera medaljer, bland annat<br \/>i VM i beachvolleyboll.<\/p>\n<p>8 SIDOR<\/p>\n<p><strong>Vad kommer du ih\u00e5g fr\u00e5n \u00e5r 2025?<\/strong><br \/><strong>Skriv en kommentar och ber\u00e4tta.<\/strong><\/p>\n","protected":false},"excerpt":{"rendered":"Det \u00e4r dags att s\u00e4ga hej d\u00e5till \u00e5ret 2025.Vi har samlat tolv bilder fr\u00e5n 2025.En bild f\u00f6r varje&hellip;\n","protected":false},"author":2,"featured_media":120591,"comment_status":"","ping_status":"","sticky":false,"template":"","format":"standard","meta":{"footnotes":""},"categories":[12],"tags":[22,23,26,27,17,21,24,25,28,29,15,16,18,34,31,33,32,30,19,20],"class_list":{"0":"post-120590","1":"post","2":"type-post","3":"status-publish","4":"format-standard","5":"has-post-thumbnail","7":"category-sverige","8":"tag-breaking-news","9":"tag-breakingnews","10":"tag-featured-news","11":"tag-featurednews","12":"tag-headlines","13":"tag-huvudnyheter","14":"tag-latest-news","15":"tag-latestnews","16":"tag-main-news","17":"tag-mainnews","18":"tag-news","19":"tag-nyheter","20":"tag-rubriker","21":"tag-se","22":"tag-svenska","23":"tag-sverige","24":"tag-sweden","25":"tag-swedish","26":"tag-top-stories","27":"tag-topstories"},"share_on_mastodon":{"url":"https:\/\/pubeurope.com\/@se\/115807542505316771","error":""},"_links":{"self":[{"href":"https:\/\/www.europesays.com\/se\/wp-json\/wp\/v2\/posts\/120590","targetHints":{"allow":["GET"]}}],"collection":[{"href":"https:\/\/www.europesays.com\/se\/wp-json\/wp\/v2\/posts"}],"about":[{"href":"https:\/\/www.europesays.com\/se\/wp-json\/wp\/v2\/types\/post"}],"author":[{"embeddable":true,"href":"https:\/\/www.europesays.com\/se\/wp-json\/wp\/v2\/users\/2"}],"replies":[{"embeddable":true,"href":"https:\/\/www.europesays.com\/se\/wp-json\/wp\/v2\/comments?post=120590"}],"version-history":[{"count":0,"href":"https:\/\/www.europesays.com\/se\/wp-json\/wp\/v2\/posts\/120590\/revisions"}],"wp:featuredmedia":[{"embeddable":true,"href":"https:\/\/www.europesays.com\/se\/wp-json\/wp\/v2\/media\/120591"}],"wp:attachment":[{"href":"https:\/\/www.europesays.com\/se\/wp-json\/wp\/v2\/media?parent=120590"}],"wp:term":[{"taxonomy":"category","embeddable":true,"href":"https:\/\/www.europesays.com\/se\/wp-json\/wp\/v2\/categories?post=120590"},{"taxonomy":"post_tag","embeddable":true,"href":"https:\/\/www.europesays.com\/se\/wp-json\/wp\/v2\/tags?post=120590"}],"curies":[{"name":"wp","href":"https:\/\/api.w.org\/{rel}","templated":true}]}}