{"id":120592,"date":"2025-12-30T08:23:04","date_gmt":"2025-12-30T08:23:04","guid":{"rendered":"https:\/\/www.europesays.com\/se\/120592\/"},"modified":"2025-12-30T08:23:04","modified_gmt":"2025-12-30T08:23:04","slug":"hon-vill-bli-ny-lakarforbundets-nya-ordforande-lakartidningen","status":"publish","type":"post","link":"https:\/\/www.europesays.com\/se\/120592\/","title":{"rendered":"Hon vill bli ny L\u00e4karf\u00f6rbundets nya ordf\u00f6rande \u2013 L\u00e4kartidningen"},"content":{"rendered":"<p>\t\t\t\t<img alt=\"\" class=\"MediaWrapper-content BodyImage-imageObject\" src=\"https:\/\/www.europesays.com\/se\/wp-content\/uploads\/2025\/12\/hanna-kataoka.jpg\" data-lazy-load-target=\"content\" width=\"1060\" height=\"706\" loading=\"eager\" decoding=\"async\" fetchpriority=\"high\"\/><\/p>\n<p>\n\t\t\t\t\tHanna Kataoka.<br \/>\n\t\t\t\t\t\t\tFoto: Susanne H\u00f6gdahl\/V\u00e4stra G\u00f6talands l\u00e4karf\u00f6rening\n\t\t\t\t\t\t\t\t\t<\/p>\n<p>Sedan L\u00e4karf\u00f6rbundets tidigare ordf\u00f6rande, Sofia Rydgren Stale, i <a href=\"https:\/\/lakartidningen.se\/nyheter\/sofia-rydgren-stale-vald-till-ny-saco-ordforande\/\" data-type=\"link\" data-id=\"https:\/\/lakartidningen.se\/nyheter\/sofia-rydgren-stale-vald-till-ny-saco-ordforande\/\" rel=\"nofollow noopener\" target=\"_blank\">november l\u00e4mnade f\u00f6rbundet<\/a> f\u00f6r att i st\u00e4llet ta \u00f6ver klubban i Saco har f\u00f6rbundet st\u00e5tt utan ordf\u00f6rande. Hanna Kataoka, f\u00f6rbundets andre vice ordf\u00f6rande, s\u00e4ger nu till L\u00e4kartidningen att hon nomineras fr\u00e5n flera h\u00e5ll och att hon tackat ja till nomineringen.<\/p>\n<p>\u2013 Jag tycker att det \u00e4r fantastiskt med fackligt arbete och styrelsearbete, och jag \u00e4r alldeles f\u00f6r nyfiken f\u00f6r att inte pr\u00f6va. <\/p>\n<p>\n\t\tAnnons\t\t\t<\/p>\n<p>\t\t<a href=\"https:\/\/karriar.aleris.se\/jobs\/6934715-specialistlakare-till-aleris-asih-sodertalje-huddinge\" data-ad-target=\"link\" class=\"Ad-content\" rel=\"sponsored nofollow noopener\" target=\"_blank\"><\/p>\n<p>\t\t\t\t<img alt=\"Annons\" class=\"MediaWrapper-content Ad-image\" src=\"https:\/\/www.europesays.com\/se\/wp-content\/uploads\/2025\/12\/1767082983_493_banner1404x720.jpg\" data-lazy-load-target=\"content\" width=\"468\" height=\"240\" loading=\"lazy\" decoding=\"async\" fetchpriority=\"auto\"\/><\/p>\n<p>\t\t<\/a><\/p>\n<p>Hanna Kataoka \u00e4r \u00f6verl\u00e4kare i psykiatri och ordf\u00f6rande f\u00f6r V\u00e4stra G\u00f6talands l\u00e4karf\u00f6renings sektion p\u00e5 Sahlgrenska universitetssjukhuset. Hon sitter med i styrelsen f\u00f6r SLF sedan 2022, sedan 2024 som andre vice ordf\u00f6rande. <\/p>\n<p>Tanken p\u00e5 att kandidera till ordf\u00f6randeposten har vuxit fram med tiden.<\/p>\n<p>\u2013 N\u00e4r man \u00e4r andre vice ordf\u00f6rande och en del av presidiet \u00e4r det klart att man \u00e4r medveten om att det finns en s\u00e5dan m\u00f6jlighet. Men det har varit en process att komma fram till det h\u00e4r, det \u00e4r stort \u00e5tagande. Att det kommit in f\u00f6rfr\u00e5gningar har gjort att jag slutgiltigt har best\u00e4mt mig, s\u00e4ger hon men vill av h\u00e4nsyn till processen inte avsl\u00f6ja varifr\u00e5n nomineringsf\u00f6rfr\u00e5gningar kommit. <\/p>\n<p>M\u00e5nga s\u00e5g valet av f\u00f6rste vice ordf\u00f6rande i h\u00f6stas, d\u00e5 <a href=\"https:\/\/lakartidningen.se\/nyheter\/elin-karlsson-tar-hem-toppstriden-blir-ny-forste-vice-ordforande\/\" data-type=\"link\" data-id=\"https:\/\/lakartidningen.se\/nyheter\/elin-karlsson-tar-hem-toppstriden-blir-ny-forste-vice-ordforande\/\" target=\"_blank\" rel=\"noreferrer noopener nofollow\">Sjukhusl\u00e4karnas ordf\u00f6rande Elin Karlsson vann<\/a> mot f\u00f6rbundets d\u00e5varande f\u00f6rste vice ordf\u00f6rande Lars Rocks\u00e9n, som en inofficiell upptakt till ordf\u00f6randevalet som ska ske vid det extrainsatta fullm\u00e4ktigem\u00f6tet i mars. Att Hanna Kataoka sj\u00e4lv inte kandiderade till f\u00f6rste vice-posten f\u00f6rklarar hon med att det inte fanns n\u00e5gon anledning.<\/p>\n<p>\n\t\tAnnons\t\t\t<\/p>\n<p>\t\t<a href=\"https:\/\/lakartidningen.se\/lakartidningen-soker-reporter-med-fokus-pa-vetenskapsrapportering\/\" data-ad-target=\"link\" class=\"Ad-content\" rel=\"sponsored nofollow noopener\" target=\"_blank\"><\/p>\n<p>\t\t\t\t<img alt=\"Annons\" class=\"MediaWrapper-content Ad-image\" src=\"https:\/\/www.europesays.com\/se\/wp-content\/uploads\/2025\/12\/1767082983_227_banner-reporter-1404x720-1.jpg\" data-lazy-load-target=\"content\" width=\"468\" height=\"240\" loading=\"lazy\" decoding=\"async\" fetchpriority=\"auto\"\/><\/p>\n<p>\t\t<\/a><\/p>\n<p>\u2013 Jag har varit andre vice ordf\u00f6rande i ett \u00e5r, och det \u00e4r ingen st\u00f6rre skillnad att vara f\u00f6rste och andre vice. F\u00f6r mig har det inte funnits anledning att kandidera till en annan vicepost i st\u00e4llet f\u00f6r en presidiepost. Det \u00e4r samma arbete.<\/p>\n<p><strong>S\u00e5 det har inte varit en strategi?<\/strong><\/p>\n<p>\u2013 Vad skulle det vara f\u00f6r strategi? Sofia Rydgren Stale var andre vice ordf\u00f6rande n\u00e4r hon blev ordf\u00f6rande. Det har inte historiskt varit en sj\u00e4lvklarhet att man m\u00e5ste g\u00e5 den v\u00e4gen, \u00e4ven om jag sett att medier skrivit mycket om att den som blir f\u00f6rste vice senare blir ordf\u00f6rande. Men det \u00e4r inte s\u00e5 som fr\u00e5gan har betraktats inifr\u00e5n, det \u00e4r i alla fall min tolkning. <\/p>\n<p><strong>Ordf\u00f6randeavhopp och kamp om f\u00f6rste vice-post har skapat turbulens i f\u00f6rbundet. Hur ska de olika sidorna nu kunna enas ?<\/strong><\/p>\n<p>\u2013 S\u00e5 h\u00e4r blir det med j\u00e4mna mellanrum i demokratiska organisationer, n\u00e4r man samlar en m\u00e4ngd starka viljor. Den demokratiska principen inneb\u00e4r att alla inte alltid g\u00e5r i samma riktning. Jag \u00e4r \u00f6vertygad om att det g\u00e5r att samla den kraften mot n\u00e5got gemensamt, rikta den fram\u00e5t. Det \u00e4r n\u00e5got vi i den nya styrelsen jobbar f\u00f6r tillsammans f\u00f6r sedan dag ett och kommer att forts\u00e4tta jobba med \u00e5ren som kommer.<\/p>\n<p>N\u00e4r hon f\u00e5r fr\u00e5gan om vilka fr\u00e5gor hon ser s\u00e4rskilt fram emot att driva om hon skulle bli vald, blir listan l\u00e5ng. H\u00f6gt upp kommer fr\u00e5gan om underl\u00e4karnas l\u00f6ner, s\u00e4ger Hanna Kataoka.<\/p>\n<p>\u2013 Vi har en j\u00e4ttestor grupp medlemmar med underm\u00e5liga villkor. Det \u00e4r skatten i slutet av regnb\u00e5gen om vi kan l\u00f6sa den stora viktiga fr\u00e5gan. Det f\u00f6ruts\u00e4tter en stark lokalfacklig organisation, starka yrkesf\u00f6reningar och att vi krokar arm. Vi m\u00e5ste samordna oss, s\u00e5 att det goda exemplet h\u00e4nder \u00e4ven p\u00e5 andra st\u00e4llen.<\/p>\n<p>En annan av hennes k\u00e4pph\u00e4star \u00e4r industrins l\u00f6nes\u00e4ttande roll, det s\u00e5 kallade m\u00e4rket. Hanna Kataoka kallar systemet illa anpassat f\u00f6r offentlig sektor. <\/p>\n<p>\u2013 Det \u00e4r inte optimalt f\u00f6r oss i sjukv\u00e5rden, modellen beh\u00f6ver kalibreras. D\u00e4r beh\u00f6ver vi \u00e4ven kroka arm med andra fackf\u00f6rbund.<\/p>\n<p>Hanna Kataokas vision \u00e4r ett kraftfullt, mer sammansvetsat l\u00e4karf\u00f6rbund som inte r\u00e4ds att flytta fram positionerna och ta nya v\u00e4gar, b\u00e5de n\u00e4r det g\u00e4ller politik och opinionsbildning, s\u00e4ger hon.<\/p>\n<p>\u2013 Vi m\u00e5ste arbeta l\u00e5ngsiktigt med strategiska fr\u00e5gor, men vi m\u00e5ste ocks\u00e5 kunna agera snabbt och g\u00f6ra det ov\u00e4ntade, t\u00e4nka utanf\u00f6r boxen. Vi m\u00e5ste kunna vara sj\u00e4lvkritiska och titta p\u00e5 vad kan vi g\u00f6ra p\u00e5 nya s\u00e4tt, inte trampa p\u00e5 gamla stigar. <\/p>\n<p>\t\t\t\t<img alt=\"\" class=\"MediaWrapper-content BodyImage-imageObject\" src=\"https:\/\/www.europesays.com\/se\/wp-content\/uploads\/2025\/12\/z7a9371-900x440.jpg\" data-lazy-load-target=\"content\" width=\"1060\" height=\"706\" loading=\"lazy\" decoding=\"async\" fetchpriority=\"auto\"\/><\/p>\n<p>\n\t\t\t\t\tHanna Kataoka p\u00e5 fullm\u00e4ktigem\u00f6tet 2024 d\u00e5 hon valdes till andre vice ordf\u00f6rande. H\u00e4r tillsammans med Till v\u00e4nster Erik Dahlman och Elin Karlsson.<br \/>\n\t\t\t\t\t\t\tFoto: Rickard Kilstr\u00f6m\n\t\t\t\t\t\t\t\t\t<\/p>\n<p><strong>Hur tror du att dina chanser \u00e4r att bli vald?\u00a0<\/strong><\/p>\n<p>\u2013 Det f\u00e5r du n\u00e4stan fr\u00e5ga andra om. Jag uppfattar att jag kan ha goda chanser, men det vet man s\u00e5 klart aldrig.<\/p>\n<p>L\u00e4karf\u00f6rbundets extra fullm\u00e4ktigem\u00f6te <a href=\"https:\/\/lakartidningen.se\/nyheter\/datum-satt-lakarforbundet-haller-nytt-fullmaktige-i-mars\/\" data-type=\"link\" data-id=\"https:\/\/lakartidningen.se\/nyheter\/datum-satt-lakarforbundet-haller-nytt-fullmaktige-i-mars\/\" target=\"_blank\" rel=\"noreferrer noopener nofollow\">h\u00e5lls digitalt den 10 mars<\/a>. Valberedningen v\u00e4ntas presentera sitt f\u00f6rslag till ny ordf\u00f6rande runt en vecka innan. <\/p>\n","protected":false},"excerpt":{"rendered":"Hanna Kataoka. Foto: Susanne H\u00f6gdahl\/V\u00e4stra G\u00f6talands l\u00e4karf\u00f6rening Sedan L\u00e4karf\u00f6rbundets tidigare ordf\u00f6rande, Sofia Rydgren Stale, i november l\u00e4mnade f\u00f6rbundet&hellip;\n","protected":false},"author":2,"featured_media":120593,"comment_status":"","ping_status":"","sticky":false,"template":"","format":"standard","meta":{"footnotes":""},"categories":[5],"tags":[22,23,26,27,17,21,24,25,28,29,15,16,18,34,31,33,32,30,19,20],"class_list":{"0":"post-120592","1":"post","2":"type-post","3":"status-publish","4":"format-standard","5":"has-post-thumbnail","7":"category-rubriker","8":"tag-breaking-news","9":"tag-breakingnews","10":"tag-featured-news","11":"tag-featurednews","12":"tag-headlines","13":"tag-huvudnyheter","14":"tag-latest-news","15":"tag-latestnews","16":"tag-main-news","17":"tag-mainnews","18":"tag-news","19":"tag-nyheter","20":"tag-rubriker","21":"tag-se","22":"tag-svenska","23":"tag-sverige","24":"tag-sweden","25":"tag-swedish","26":"tag-top-stories","27":"tag-topstories"},"share_on_mastodon":{"url":"https:\/\/pubeurope.com\/@se\/115807558391281148","error":""},"_links":{"self":[{"href":"https:\/\/www.europesays.com\/se\/wp-json\/wp\/v2\/posts\/120592","targetHints":{"allow":["GET"]}}],"collection":[{"href":"https:\/\/www.europesays.com\/se\/wp-json\/wp\/v2\/posts"}],"about":[{"href":"https:\/\/www.europesays.com\/se\/wp-json\/wp\/v2\/types\/post"}],"author":[{"embeddable":true,"href":"https:\/\/www.europesays.com\/se\/wp-json\/wp\/v2\/users\/2"}],"replies":[{"embeddable":true,"href":"https:\/\/www.europesays.com\/se\/wp-json\/wp\/v2\/comments?post=120592"}],"version-history":[{"count":0,"href":"https:\/\/www.europesays.com\/se\/wp-json\/wp\/v2\/posts\/120592\/revisions"}],"wp:featuredmedia":[{"embeddable":true,"href":"https:\/\/www.europesays.com\/se\/wp-json\/wp\/v2\/media\/120593"}],"wp:attachment":[{"href":"https:\/\/www.europesays.com\/se\/wp-json\/wp\/v2\/media?parent=120592"}],"wp:term":[{"taxonomy":"category","embeddable":true,"href":"https:\/\/www.europesays.com\/se\/wp-json\/wp\/v2\/categories?post=120592"},{"taxonomy":"post_tag","embeddable":true,"href":"https:\/\/www.europesays.com\/se\/wp-json\/wp\/v2\/tags?post=120592"}],"curies":[{"name":"wp","href":"https:\/\/api.w.org\/{rel}","templated":true}]}}