{"id":120596,"date":"2025-12-30T08:25:26","date_gmt":"2025-12-30T08:25:26","guid":{"rendered":"https:\/\/www.europesays.com\/se\/120596\/"},"modified":"2025-12-30T08:25:26","modified_gmt":"2025-12-30T08:25:26","slug":"klart-malmo-ff-gor-om-i-sin-sportsliga-ledning-allsvenskan","status":"publish","type":"post","link":"https:\/\/www.europesays.com\/se\/120596\/","title":{"rendered":"Klart: Malm\u00f6 FF g\u00f6r om i sin sportsliga ledning &#8211; Allsvenskan"},"content":{"rendered":"<p>P\u00e5 sin hemsida meddelar Malm\u00f6 FF under m\u00e5ndagen att klubbens sportsliga ledning omorganiseras under 2026.<\/p>\n<p>Klubbens m\u00e5ng\u00e5rige sportchef Daniel Andersson f\u00e5r en ny titel som fotbollschef. Vidare ska klubben tills\u00e4tta en person som sportchef f\u00f6r herrlaget.  <\/p>\n<p>&#8221;Daniel Anderssons huvudm\u00e5l som Fotbollschef \u00e4r fortsatt att Malm\u00f6 FF:s b\u00e5da A-lag ska vara framg\u00e5ngsrika p\u00e5 planen och att v\u00e5ra akademier ska utveckla talanger som kan etablera sig i v\u00e5ra representationslag f\u00f6r att p\u00e5 s\u00e5 s\u00e4tt st\u00e4rka f\u00f6reningens sportsliga och ekonomiska resultat.&#8221;, skriver klubben i ett uttalande. <\/p>\n<p>Klubbens nya sportchefer f\u00f6r herr och damlaget kommer att arbeta under fotbollschefen i MFF. Maxim Khalil f\u00e5r fr\u00e5n och med \u00e5rsskiftet titeln sportchef dam, medan rollen som sportchef herr kommer att tills\u00e4ttas.<\/p>\n<p>&#8221;M\u00e5let \u00e4r att ha slutf\u00f6rt processen i god tid innan sommarens transferf\u00f6nster \u00f6ppnar. Under tiden ligger detta ansvar fortsatt hos Fotbollschef Daniel Andersson&#8221;, skriver klubben om processen att hitta en ny sportchef f\u00f6r herrlaget. <\/p>\n<p>Ola Toivonen, som varit assisterande sportchef i klubben, har erbjudits en roll inom den dagliga sportsliga verksamheten, meddelar MFF vidare.<\/p>\n<p>Niklas S\u00f6derstr\u00f6m, tillf\u00f6rordnad vd i Malm\u00f6 FF, kommenterar f\u00f6r\u00e4ndringarna:<\/p>\n<p>&#8211; Malm\u00f6 FF har under l\u00e5ng tid med stor framg\u00e5ng drivit en vinnande sportslig organisation. Vi vet att det \u00e4r ett mycket omfattande arbete som kr\u00e4ver st\u00e4ndig optimering f\u00f6r att kunna h\u00e5lla kvalitet.<\/p>\n<p>&#8211;\u00a0Med den h\u00e4r f\u00f6r\u00e4ndringen s\u00e5 st\u00e4rker vi Malm\u00f6 FF:s konkurrenskraft p\u00e5 s\u00e5 v\u00e4l kort som l\u00e5ng sikt. Med en tydligare ansvarsf\u00f6rdelning och styrning i den sportsliga ledningen skapar vi b\u00e4ttre f\u00f6ruts\u00e4ttningar att m\u00f6ta \u00f6kade krav, fatta tr\u00e4ffs\u00e4kra beslut och forts\u00e4tta vara framg\u00e5ngsrika \u00f6ver tid.<\/p>\n<p>Malm\u00f6 FF slutade p\u00e5 sj\u00e4tte plats i allsvenskan 2025, efter tv\u00e5 raka SM-guld \u00e5ren dessf\u00f6rinnan. <\/p>\n","protected":false},"excerpt":{"rendered":"P\u00e5 sin hemsida meddelar Malm\u00f6 FF under m\u00e5ndagen att klubbens sportsliga ledning omorganiseras under 2026. Klubbens m\u00e5ng\u00e5rige sportchef&hellip;\n","protected":false},"author":2,"featured_media":120597,"comment_status":"","ping_status":"","sticky":false,"template":"","format":"standard","meta":{"footnotes":""},"categories":[68],"tags":[34,111,110,31,33,32,30],"class_list":{"0":"post-120596","1":"post","2":"type-post","3":"status-publish","4":"format-standard","5":"has-post-thumbnail","7":"category-sport","8":"tag-se","9":"tag-sport","10":"tag-sports","11":"tag-svenska","12":"tag-sverige","13":"tag-sweden","14":"tag-swedish"},"share_on_mastodon":{"url":"https:\/\/pubeurope.com\/@se\/115807566114211843","error":""},"_links":{"self":[{"href":"https:\/\/www.europesays.com\/se\/wp-json\/wp\/v2\/posts\/120596","targetHints":{"allow":["GET"]}}],"collection":[{"href":"https:\/\/www.europesays.com\/se\/wp-json\/wp\/v2\/posts"}],"about":[{"href":"https:\/\/www.europesays.com\/se\/wp-json\/wp\/v2\/types\/post"}],"author":[{"embeddable":true,"href":"https:\/\/www.europesays.com\/se\/wp-json\/wp\/v2\/users\/2"}],"replies":[{"embeddable":true,"href":"https:\/\/www.europesays.com\/se\/wp-json\/wp\/v2\/comments?post=120596"}],"version-history":[{"count":0,"href":"https:\/\/www.europesays.com\/se\/wp-json\/wp\/v2\/posts\/120596\/revisions"}],"wp:featuredmedia":[{"embeddable":true,"href":"https:\/\/www.europesays.com\/se\/wp-json\/wp\/v2\/media\/120597"}],"wp:attachment":[{"href":"https:\/\/www.europesays.com\/se\/wp-json\/wp\/v2\/media?parent=120596"}],"wp:term":[{"taxonomy":"category","embeddable":true,"href":"https:\/\/www.europesays.com\/se\/wp-json\/wp\/v2\/categories?post=120596"},{"taxonomy":"post_tag","embeddable":true,"href":"https:\/\/www.europesays.com\/se\/wp-json\/wp\/v2\/tags?post=120596"}],"curies":[{"name":"wp","href":"https:\/\/api.w.org\/{rel}","templated":true}]}}