{"id":120602,"date":"2025-12-30T08:30:12","date_gmt":"2025-12-30T08:30:12","guid":{"rendered":"https:\/\/www.europesays.com\/se\/120602\/"},"modified":"2025-12-30T08:30:12","modified_gmt":"2025-12-30T08:30:12","slug":"tva-doms-for-ran-av-pojke-i-oxelosund","status":"publish","type":"post","link":"https:\/\/www.europesays.com\/se\/120602\/","title":{"rendered":"Tv\u00e5 d\u00f6ms f\u00f6r r\u00e5n av pojke i Oxel\u00f6sund"},"content":{"rendered":"<p>Det var den 25 november som en 13-\u00e5rig pojke blev brutalt r\u00e5nad av flera g\u00e4rningsm\u00e4n i Oxel\u00f6sund. Under r\u00e5net blev han av med sin mobiltelefon, d\u00e4refter misshandlades hans med ett tiotal sparkar och slag \u2013 flera av dem var riktade mot huvudet. \u00a0 \u00a0 \u00a0 \u00a0 \u00a0 \u00a0 \u00a0 \u00a0\u00a0V\u00e5ldsverkaren, som \u00e4r 18 och tidigare d\u00f6md f\u00f6r bland annat m\u00e4nniskorov, d\u00f6dshotade ocks\u00e5 13-\u00e5ringen genom att <\/p>\n","protected":false},"excerpt":{"rendered":"Det var den 25 november som en 13-\u00e5rig pojke blev brutalt r\u00e5nad av flera g\u00e4rningsm\u00e4n i Oxel\u00f6sund. Under&hellip;\n","protected":false},"author":2,"featured_media":120603,"comment_status":"","ping_status":"","sticky":false,"template":"","format":"standard","meta":{"footnotes":""},"categories":[12],"tags":[22,23,26,27,17,21,24,25,28,29,15,16,18,34,31,33,32,30,19,20],"class_list":{"0":"post-120602","1":"post","2":"type-post","3":"status-publish","4":"format-standard","5":"has-post-thumbnail","7":"category-sverige","8":"tag-breaking-news","9":"tag-breakingnews","10":"tag-featured-news","11":"tag-featurednews","12":"tag-headlines","13":"tag-huvudnyheter","14":"tag-latest-news","15":"tag-latestnews","16":"tag-main-news","17":"tag-mainnews","18":"tag-news","19":"tag-nyheter","20":"tag-rubriker","21":"tag-se","22":"tag-svenska","23":"tag-sverige","24":"tag-sweden","25":"tag-swedish","26":"tag-top-stories","27":"tag-topstories"},"share_on_mastodon":{"url":"https:\/\/pubeurope.com\/@se\/115807585828628534","error":""},"_links":{"self":[{"href":"https:\/\/www.europesays.com\/se\/wp-json\/wp\/v2\/posts\/120602","targetHints":{"allow":["GET"]}}],"collection":[{"href":"https:\/\/www.europesays.com\/se\/wp-json\/wp\/v2\/posts"}],"about":[{"href":"https:\/\/www.europesays.com\/se\/wp-json\/wp\/v2\/types\/post"}],"author":[{"embeddable":true,"href":"https:\/\/www.europesays.com\/se\/wp-json\/wp\/v2\/users\/2"}],"replies":[{"embeddable":true,"href":"https:\/\/www.europesays.com\/se\/wp-json\/wp\/v2\/comments?post=120602"}],"version-history":[{"count":0,"href":"https:\/\/www.europesays.com\/se\/wp-json\/wp\/v2\/posts\/120602\/revisions"}],"wp:featuredmedia":[{"embeddable":true,"href":"https:\/\/www.europesays.com\/se\/wp-json\/wp\/v2\/media\/120603"}],"wp:attachment":[{"href":"https:\/\/www.europesays.com\/se\/wp-json\/wp\/v2\/media?parent=120602"}],"wp:term":[{"taxonomy":"category","embeddable":true,"href":"https:\/\/www.europesays.com\/se\/wp-json\/wp\/v2\/categories?post=120602"},{"taxonomy":"post_tag","embeddable":true,"href":"https:\/\/www.europesays.com\/se\/wp-json\/wp\/v2\/tags?post=120602"}],"curies":[{"name":"wp","href":"https:\/\/api.w.org\/{rel}","templated":true}]}}