{"id":120608,"date":"2025-12-30T08:33:16","date_gmt":"2025-12-30T08:33:16","guid":{"rendered":"https:\/\/www.europesays.com\/se\/120608\/"},"modified":"2025-12-30T08:33:16","modified_gmt":"2025-12-30T08:33:16","slug":"vintersport-tunga-lopp-for-eric-rosjo-och-truls-gisselman-jagar-os-platser-surt","status":"publish","type":"post","link":"https:\/\/www.europesays.com\/se\/120608\/","title":{"rendered":"Vintersport: Tunga lopp f\u00f6r Eric Rosj\u00f6 och Truls Gisselman \u2013 jagar OS-platser: \u201dSurt\u201d"},"content":{"rendered":"<p>Se Rosj\u00f6 om jakten p\u00e5 en OS-plats i spelaren ovan.<\/p>\n<p>Fyra OS-platser \u00e5terst\u00e5r f\u00f6r de svenska l\u00e4ngdherrarna. D\u00e5 hade flera av \u00e5karna en tung dag i sp\u00e5ret i Toblach n\u00e4r 10 kilometer klassiskt stod p\u00e5 menyn i Tour de Ski.<\/p>\n<p>\u2013 Det var tungt, s\u00e5 det var tr\u00e5kigt. Man k\u00e4nner r\u00e4tt tidigt att man inte har trycket men man f\u00f6rs\u00f6ker hela v\u00e4gen. Men nej det var inte mycket att k\u00f6ra med i dag, s\u00e4ger Eric Rosj\u00f6 till SVT Sport.<\/p>\n<p>27-\u00e5ringen blev sj\u00e4tte b\u00e4ste svensk p\u00e5 plats 55, mer \u00e4n 1,5 minut efter segrande Mattis Stenhagen.<\/p>\n<p>\u2013 Man f\u00f6rs\u00f6ker jobba p\u00e5 men man blir inte lika motiverad som n\u00e4r man \u00e5ker ikapp folk. Det blir tufft mentalt.<\/p>\n<p>Besvikelse i jakten p\u00e5 OS-platser<\/p>\n<p>T\u00e4vlingarna under Tour de Ski blir extra viktiga, med tanke p\u00e5 att det \u00e4r de sista innan OS-platserna ska delas ut. <\/p>\n<p>N\u00e5got som spelar in i Rosj\u00f6s besvikelse.<\/p>\n<p>\u2013 Ja det \u00e4r klart. Det har ju varit det stora m\u00e5let hela \u00e5ret. S\u00e5 det \u00e4r surt att det ska k\u00e4nnas s\u00e5 h\u00e4r n\u00e4r det g\u00e4ller som mest.<\/p>\n<p>\u00c4ven Truls Gisselman, som blev n\u00e4st b\u00e4ste svensk, var besviken efter sitt lopp.<\/p>\n<p>\u2013 Tungt var det, s\u00e4ger han.<\/p>\n<p>Se Gisselman efter m\u00e5lg\u00e5ngen i spelaren nedan.<\/p>\n","protected":false},"excerpt":{"rendered":"Se Rosj\u00f6 om jakten p\u00e5 en OS-plats i spelaren ovan. Fyra OS-platser \u00e5terst\u00e5r f\u00f6r de svenska l\u00e4ngdherrarna. D\u00e5&hellip;\n","protected":false},"author":2,"featured_media":120609,"comment_status":"","ping_status":"","sticky":false,"template":"","format":"standard","meta":{"footnotes":""},"categories":[68],"tags":[34,111,110,31,33,32,30],"class_list":{"0":"post-120608","1":"post","2":"type-post","3":"status-publish","4":"format-standard","5":"has-post-thumbnail","7":"category-sport","8":"tag-se","9":"tag-sport","10":"tag-sports","11":"tag-svenska","12":"tag-sverige","13":"tag-sweden","14":"tag-swedish"},"share_on_mastodon":{"url":"https:\/\/pubeurope.com\/@se\/115807597565764908","error":""},"_links":{"self":[{"href":"https:\/\/www.europesays.com\/se\/wp-json\/wp\/v2\/posts\/120608","targetHints":{"allow":["GET"]}}],"collection":[{"href":"https:\/\/www.europesays.com\/se\/wp-json\/wp\/v2\/posts"}],"about":[{"href":"https:\/\/www.europesays.com\/se\/wp-json\/wp\/v2\/types\/post"}],"author":[{"embeddable":true,"href":"https:\/\/www.europesays.com\/se\/wp-json\/wp\/v2\/users\/2"}],"replies":[{"embeddable":true,"href":"https:\/\/www.europesays.com\/se\/wp-json\/wp\/v2\/comments?post=120608"}],"version-history":[{"count":0,"href":"https:\/\/www.europesays.com\/se\/wp-json\/wp\/v2\/posts\/120608\/revisions"}],"wp:featuredmedia":[{"embeddable":true,"href":"https:\/\/www.europesays.com\/se\/wp-json\/wp\/v2\/media\/120609"}],"wp:attachment":[{"href":"https:\/\/www.europesays.com\/se\/wp-json\/wp\/v2\/media?parent=120608"}],"wp:term":[{"taxonomy":"category","embeddable":true,"href":"https:\/\/www.europesays.com\/se\/wp-json\/wp\/v2\/categories?post=120608"},{"taxonomy":"post_tag","embeddable":true,"href":"https:\/\/www.europesays.com\/se\/wp-json\/wp\/v2\/tags?post=120608"}],"curies":[{"name":"wp","href":"https:\/\/api.w.org\/{rel}","templated":true}]}}