{"id":120610,"date":"2025-12-30T08:34:07","date_gmt":"2025-12-30T08:34:07","guid":{"rendered":"https:\/\/www.europesays.com\/se\/120610\/"},"modified":"2025-12-30T08:34:07","modified_gmt":"2025-12-30T08:34:07","slug":"har-ar-arets-basta-filmer-och-den-allra-samsta-unt","status":"publish","type":"post","link":"https:\/\/www.europesays.com\/se\/120610\/","title":{"rendered":"H\u00e4r \u00e4r \u00e5rets b\u00e4sta filmer \u2013 och den allra s\u00e4msta &#8211; UNT"},"content":{"rendered":"<ol>\n<li><a href=\"https:\/\/news.google.com\/rss\/articles\/CBMimgFBVV95cUxQb3R0UWtXTW1EemllWFBEUW5WMnZwSjVxNks2d3E0SFFGQjZSaWdOZDMtQlkzUUc5NzlHekNIREJOQzc1MVJJSGJUMHJ3UVJpNlpGam41VVZWUjNBdXA5YW5hVGUwWnA3SHdla3RpN1cwMEZKVFY0T0F6R1RzZlkxclpaT2V2OC1CT1VKWmFuRXJ5ZEJYa2VXNkpR?oc=5\" target=\"_blank\" rel=\"nofollow noopener\">H\u00e4r \u00e4r \u00e5rets b\u00e4sta filmer \u2013 och den allra s\u00e4msta<\/a>&nbsp;&nbsp;UNT<\/li>\n<li><a href=\"https:\/\/news.google.com\/rss\/articles\/CBMiwwFBVV95cUxOWGFpaU1aeEF4YUZ5eEhrYi1zOWxfbEdxd2ptaXRqLTVxVTZoS01kYjU1LXVOWlNTdENoU2xZOEhJTFpfUEZtVGhoWEo2RnhKQ2dZS3I1T3pKWE0wLUZZMmgwQUkxcHQ0VmVuYWhTbE54ZlRpdFlIRE9BeVp0dVV5QmR2Y3VvdFlYMG5wcWh2b3R3cHNab1ZfRjRLbFZ2d3V6UzhSV19UaFlUWnFSaDdVMG5HNHdPV0w5cFlObndFWWxRWjA?oc=5\" target=\"_blank\" rel=\"nofollow noopener\">7 svenska filmer fr\u00e5n i \u00e5r som du inte f\u00e5r missa<\/a>&nbsp;&nbsp;Aftonbladet<\/li>\n<li><a href=\"https:\/\/news.google.com\/rss\/articles\/CBMimwFBVV95cUxQOWJQRWw0MkJoSktSYllaWlpFZ1huZGhBWXkzRE92amFUUkNVQUNST04tX2htNVh5VG5EX3MtODJ1VUxWSHVyOXh6akctWFBiZ3JvdDdpMjBtWGpjR1BwaXlsdGphaV9PM2dzYnRBdXZiQVJzZUppalNjMVVSa1BWRXhKY2F4VlM3SVBZX3pZbzJvd0FLN1VUWFQwOA?oc=5\" target=\"_blank\" rel=\"nofollow noopener\">S\u00e5 var film\u00e5ret 2025: Svensk debut och iransk komedi i topp<\/a>&nbsp;&nbsp;Sveriges Radio<\/li>\n<li><a href=\"https:\/\/news.google.com\/rss\/articles\/CBMikgFBVV95cUxNTmNDR2tfdE1JWENIdVdwODBqUWlKdGpzVzIyYXctNTlhUUR0WEhrX3FBQ2xrZFhMY0NYcTdKZlN6a01vQ2pBUFNxVDBLR1YwWDJ6Y1FieEktMFQ4QlV6RElteWtyNk1WRWxaeXQ1WEstVkRPVlljR3ZSbVV5LUVQd1NQU3pfOWgtV0V4c2xqUU5zUQ?oc=5\" target=\"_blank\" rel=\"nofollow noopener\">\u00c5rets b\u00e4sta thrillers 2025 enligt tittarna \u2013 h\u00e4r \u00e4r vinnarna<\/a>&nbsp;&nbsp;Filmtopp.se<\/li>\n<li><a href=\"https:\/\/news.google.com\/rss\/articles\/CBMiggFBVV95cUxNWjk1MmczTm5GdkI0U1FzdnEySkNDbUNKdnh2MFJReGV4NjRLaDJteDlJeDFDeFNrdV9TY2xZSlRHLS02WVNCb19CbVJhSm9vOG9rSWlhT3FvZ0FIbGEtRlctdlEtbGlybkZ2ZXpOOHFBNjJzTmtoaGpfbS1Td1lWWUp3?oc=5\" target=\"_blank\" rel=\"nofollow noopener\">10 fantastiska filmer du missade under 2025<\/a>&nbsp;&nbsp;MovieZine.se<\/li>\n<\/ol>\n","protected":false},"excerpt":{"rendered":"H\u00e4r \u00e4r \u00e5rets b\u00e4sta filmer \u2013 och den allra s\u00e4msta&nbsp;&nbsp;UNT 7 svenska filmer fr\u00e5n i \u00e5r som du&hellip;\n","protected":false},"author":2,"featured_media":120611,"comment_status":"","ping_status":"","sticky":false,"template":"","format":"standard","meta":{"footnotes":""},"categories":[67],"tags":[104,34,31,33,32,30,105],"class_list":{"0":"post-120610","1":"post","2":"type-post","3":"status-publish","4":"format-standard","5":"has-post-thumbnail","7":"category-underhallning","8":"tag-entertainment","9":"tag-se","10":"tag-svenska","11":"tag-sverige","12":"tag-sweden","13":"tag-swedish","14":"tag-underhallning"},"share_on_mastodon":{"url":"https:\/\/pubeurope.com\/@se\/115807601459562198","error":""},"_links":{"self":[{"href":"https:\/\/www.europesays.com\/se\/wp-json\/wp\/v2\/posts\/120610","targetHints":{"allow":["GET"]}}],"collection":[{"href":"https:\/\/www.europesays.com\/se\/wp-json\/wp\/v2\/posts"}],"about":[{"href":"https:\/\/www.europesays.com\/se\/wp-json\/wp\/v2\/types\/post"}],"author":[{"embeddable":true,"href":"https:\/\/www.europesays.com\/se\/wp-json\/wp\/v2\/users\/2"}],"replies":[{"embeddable":true,"href":"https:\/\/www.europesays.com\/se\/wp-json\/wp\/v2\/comments?post=120610"}],"version-history":[{"count":0,"href":"https:\/\/www.europesays.com\/se\/wp-json\/wp\/v2\/posts\/120610\/revisions"}],"wp:featuredmedia":[{"embeddable":true,"href":"https:\/\/www.europesays.com\/se\/wp-json\/wp\/v2\/media\/120611"}],"wp:attachment":[{"href":"https:\/\/www.europesays.com\/se\/wp-json\/wp\/v2\/media?parent=120610"}],"wp:term":[{"taxonomy":"category","embeddable":true,"href":"https:\/\/www.europesays.com\/se\/wp-json\/wp\/v2\/categories?post=120610"},{"taxonomy":"post_tag","embeddable":true,"href":"https:\/\/www.europesays.com\/se\/wp-json\/wp\/v2\/tags?post=120610"}],"curies":[{"name":"wp","href":"https:\/\/api.w.org\/{rel}","templated":true}]}}