{"id":120612,"date":"2025-12-30T08:36:13","date_gmt":"2025-12-30T08:36:13","guid":{"rendered":"https:\/\/www.europesays.com\/se\/120612\/"},"modified":"2025-12-30T08:36:13","modified_gmt":"2025-12-30T08:36:13","slug":"nytt-rekordar-for-oresundsbron-tidningen-naringslivet","status":"publish","type":"post","link":"https:\/\/www.europesays.com\/se\/120612\/","title":{"rendered":"Nytt rekord\u00e5r f\u00f6r \u00d6resundsbron | Tidningen N\u00e4ringslivet"},"content":{"rendered":"<p>\t\t\t\t<img decoding=\"async\" class=\"figure-img img-fluid\"  src=\"https:\/\/www.europesays.com\/se\/wp-content\/uploads\/2025\/12\/1767083773_458_bilder.tn.se.jpeg\" alt=\"\" itemprop=\"image\"\/><\/p>\n<p>\t\t\t\t\t\t\t\t\t\u00d6resundsbron sl\u00e5r trafikrekord \u2013 f\u00f6r andra \u00e5ret i rad. Arkivbild.<br \/>\n\t\t\t\t\t\t\t\t\t\t\t\t\tBild:<br \/>\n\t\t\t\t\tJohan Nilsson\/TT<\/p>\n<p>\n\t\tPublicerad:<br \/>\n\t\t30 dec 2025, 09:30\n\t<\/p>\n<p>Trafik (TT)<\/p>\n<p class=\"ew-preamble\" itemprop=\"description\">\u00d6resundsbron sl\u00e5r nytt rekord i antalet passager \u2013 f\u00f6r andra \u00e5ret i rad. Det sker samtidigt som bron firar 25 \u00e5r.<\/p>\n<p class=\"ew-body\">Till ny\u00e5r f\u00f6rv\u00e4ntas n\u00e4rmare \u00e5tta miljoner passager ha gjorts \u00f6ver bron under \u00e5ret, rapporterar <a href=\"https:\/\/www.svt.se\/nyheter\/lokalt\/skane\/oresundsbron-slar-nytt-rekord-nastan-atta-miljoner-passagerare\" id=\"sGKytE43gzYu1y5C\" rel=\"nofollow noopener\" target=\"_blank\">SVT Sk\u00e5ne.<\/a> Det sl\u00e5r f\u00f6rra \u00e5rets rekordsiffror med 5,5 procent.<\/p>\n<p class=\"ew-body\">Det finns flera orsaker till \u00f6kningen. Lastbilstrafiken har slagit rekord samtidigt som bilpendlingen \u00f6kade med n\u00e4stan nio procent och fritidstrafiken fr\u00e5n Tyskland steg med sex procent.<\/p>\n<p class=\"ew-body\">Fjol\u00e5rets rekord slogs redan den 8 december.<\/p>\n<p class=\"ew-body\">\u201dMalm\u00f6 har slagit rekord f\u00f6r g\u00e4stn\u00e4tter under sommaren och K\u00f6penhamns flygplats har liksom \u00d6resundsbron noterat rekord efter rekord f\u00f6r resandet\u201d, s\u00e4ger Linus Eriksson, vd p\u00e5 \u00d6resundsbron i ett pressmeddelande.<\/p>\n<p class=\"ew-body\">\u00d6resundsbron invigdes \u00e5r 2000 och utg\u00f6r en 16 kilometer l\u00e5ng fast f\u00f6rbindelse mellan Sverige och Danmark.<\/p>\n<p>\n\t\tPublicerad:<br \/>\n\t\t30 dec 2025, 09:30\n\t<\/p>\n","protected":false},"excerpt":{"rendered":"\u00d6resundsbron sl\u00e5r trafikrekord \u2013 f\u00f6r andra \u00e5ret i rad. Arkivbild. Bild: Johan Nilsson\/TT Publicerad: 30 dec 2025, 09:30&hellip;\n","protected":false},"author":2,"featured_media":120613,"comment_status":"","ping_status":"","sticky":false,"template":"","format":"standard","meta":{"footnotes":""},"categories":[65],"tags":[72,70,71,34,31,33,32,30],"class_list":{"0":"post-120612","1":"post","2":"type-post","3":"status-publish","4":"format-standard","5":"has-post-thumbnail","7":"category-ekonomi","8":"tag-business","9":"tag-economy","10":"tag-ekonomi","11":"tag-se","12":"tag-svenska","13":"tag-sverige","14":"tag-sweden","15":"tag-swedish"},"share_on_mastodon":{"url":"https:\/\/pubeurope.com\/@se\/115807609388462980","error":""},"_links":{"self":[{"href":"https:\/\/www.europesays.com\/se\/wp-json\/wp\/v2\/posts\/120612","targetHints":{"allow":["GET"]}}],"collection":[{"href":"https:\/\/www.europesays.com\/se\/wp-json\/wp\/v2\/posts"}],"about":[{"href":"https:\/\/www.europesays.com\/se\/wp-json\/wp\/v2\/types\/post"}],"author":[{"embeddable":true,"href":"https:\/\/www.europesays.com\/se\/wp-json\/wp\/v2\/users\/2"}],"replies":[{"embeddable":true,"href":"https:\/\/www.europesays.com\/se\/wp-json\/wp\/v2\/comments?post=120612"}],"version-history":[{"count":0,"href":"https:\/\/www.europesays.com\/se\/wp-json\/wp\/v2\/posts\/120612\/revisions"}],"wp:featuredmedia":[{"embeddable":true,"href":"https:\/\/www.europesays.com\/se\/wp-json\/wp\/v2\/media\/120613"}],"wp:attachment":[{"href":"https:\/\/www.europesays.com\/se\/wp-json\/wp\/v2\/media?parent=120612"}],"wp:term":[{"taxonomy":"category","embeddable":true,"href":"https:\/\/www.europesays.com\/se\/wp-json\/wp\/v2\/categories?post=120612"},{"taxonomy":"post_tag","embeddable":true,"href":"https:\/\/www.europesays.com\/se\/wp-json\/wp\/v2\/tags?post=120612"}],"curies":[{"name":"wp","href":"https:\/\/api.w.org\/{rel}","templated":true}]}}