{"id":120614,"date":"2025-12-30T08:37:59","date_gmt":"2025-12-30T08:37:59","guid":{"rendered":"https:\/\/www.europesays.com\/se\/120614\/"},"modified":"2025-12-30T08:37:59","modified_gmt":"2025-12-30T08:37:59","slug":"vi-ar-i-krig-mot-usa-europa-och-israel","status":"publish","type":"post","link":"https:\/\/www.europesays.com\/se\/120614\/","title":{"rendered":"Vi \u00e4r i krig mot USA, Europa och Israel"},"content":{"rendered":"<p>Iran befinner sig i \u201dfullskaligt krig\u201d med USA, Europa och Israel. Det s\u00e4ger president Masoud Pezeshkian enligt Financial Times.<\/p>\n<p>\u2013 De vill inte att v\u00e5rt land ska st\u00e5 uppr\u00e4tt [&#8230;] och omringar oss p\u00e5 alla sidor: ekonomiskt, kulturellt, politiskt och s\u00e4kerhetsm\u00e4ssigt, s\u00e4ger han i en intervju med den h\u00f6gste ledarens hemsida Khamenei.ir.<\/p>\n<p>Uttalandet kommer inf\u00f6r Israels premi\u00e4rminister Benjamin Netanyahus m\u00f6te med Donald Trump p\u00e5 m\u00e5ndagen, d\u00e4r Iran v\u00e4ntas diskuteras. Enligt k\u00e4llor till NBC News ska Netanyahu f\u00f6rs\u00f6ka \u00f6vertala Trump att godk\u00e4nna nya attacker mot Iran.<\/p>\n<p>Omni \u00e4r politiskt obundna och oberoende. Vi str\u00e4var efter att ge fler perspektiv p\u00e5 nyheterna. Har du fr\u00e5gor eller synpunkter kring v\u00e5r rapportering? <a href=\"https:\/\/omni.se\/iran-vi-ar-i-krig-mot-usa-europa-och-israel\/a\/mailto:redaktion@omni.se\" class=\"ArticleActions_contactLink__W2F1M\" rel=\"nofollow noopener\" target=\"_blank\">Kontakta redaktionen<\/a><\/p>\n","protected":false},"excerpt":{"rendered":"Iran befinner sig i \u201dfullskaligt krig\u201d med USA, Europa och Israel. Det s\u00e4ger president Masoud Pezeshkian enligt Financial&hellip;\n","protected":false},"author":2,"featured_media":120615,"comment_status":"","ping_status":"","sticky":false,"template":"","format":"standard","meta":{"footnotes":""},"categories":[14],"tags":[1044,22,23,385,267,26,27,17,21,1530,342,24,25,28,29,12832,124,15,268,16,18,34,31,33,32,30,19,20,74,51,52,53,54],"class_list":{"0":"post-120614","1":"post","2":"type-post","3":"status-publish","4":"format-standard","5":"has-post-thumbnail","7":"category-varlden","8":"tag-benjamin-netanyahu","9":"tag-breaking-news","10":"tag-breakingnews","11":"tag-donald-trump","12":"tag-europa","13":"tag-featured-news","14":"tag-featurednews","15":"tag-headlines","16":"tag-huvudnyheter","17":"tag-iran","18":"tag-israel","19":"tag-latest-news","20":"tag-latestnews","21":"tag-main-news","22":"tag-mainnews","23":"tag-masoud-pezeshkian","24":"tag-mellanostern","25":"tag-news","26":"tag-nordamerika","27":"tag-nyheter","28":"tag-rubriker","29":"tag-se","30":"tag-svenska","31":"tag-sverige","32":"tag-sweden","33":"tag-swedish","34":"tag-top-stories","35":"tag-topstories","36":"tag-usa","37":"tag-varlden","38":"tag-world","39":"tag-world-news","40":"tag-worldnews"},"share_on_mastodon":{"url":"https:\/\/pubeurope.com\/@se\/115807617225067192","error":""},"_links":{"self":[{"href":"https:\/\/www.europesays.com\/se\/wp-json\/wp\/v2\/posts\/120614","targetHints":{"allow":["GET"]}}],"collection":[{"href":"https:\/\/www.europesays.com\/se\/wp-json\/wp\/v2\/posts"}],"about":[{"href":"https:\/\/www.europesays.com\/se\/wp-json\/wp\/v2\/types\/post"}],"author":[{"embeddable":true,"href":"https:\/\/www.europesays.com\/se\/wp-json\/wp\/v2\/users\/2"}],"replies":[{"embeddable":true,"href":"https:\/\/www.europesays.com\/se\/wp-json\/wp\/v2\/comments?post=120614"}],"version-history":[{"count":0,"href":"https:\/\/www.europesays.com\/se\/wp-json\/wp\/v2\/posts\/120614\/revisions"}],"wp:featuredmedia":[{"embeddable":true,"href":"https:\/\/www.europesays.com\/se\/wp-json\/wp\/v2\/media\/120615"}],"wp:attachment":[{"href":"https:\/\/www.europesays.com\/se\/wp-json\/wp\/v2\/media?parent=120614"}],"wp:term":[{"taxonomy":"category","embeddable":true,"href":"https:\/\/www.europesays.com\/se\/wp-json\/wp\/v2\/categories?post=120614"},{"taxonomy":"post_tag","embeddable":true,"href":"https:\/\/www.europesays.com\/se\/wp-json\/wp\/v2\/tags?post=120614"}],"curies":[{"name":"wp","href":"https:\/\/api.w.org\/{rel}","templated":true}]}}