{"id":120617,"date":"2025-12-30T08:40:23","date_gmt":"2025-12-30T08:40:23","guid":{"rendered":"https:\/\/www.europesays.com\/se\/120617\/"},"modified":"2025-12-30T08:40:23","modified_gmt":"2025-12-30T08:40:23","slug":"flera-nyheter-bra-lage-att-se-over-pensionen","status":"publish","type":"post","link":"https:\/\/www.europesays.com\/se\/120617\/","title":{"rendered":"Flera nyheter \u2013 bra l\u00e4ge att se \u00f6ver pensionen"},"content":{"rendered":"<p>share-arrowDela<\/p>\n<p>unsaveSpara<\/p>\n<p>expand-left<\/p>\n<p>helsk\u00e4rm<img decoding=\"async\" class=\"image-asset hyperion-css-u06ts1\" data-test-tag=\"image-asset\" src=\"https:\/\/www.europesays.com\/se\/wp-content\/uploads\/2025\/12\/7d2bf1fb-7498-4187-ae38-6de045046f78.jpeg\"  alt=\"Shoka \u00c5hrman \u00e4r sparekonom p\u00e5 SPP Pension och f\u00f6rs\u00e4kring. Arkivbild.\"  loading=\"eager\" fetchpriority=\"high\" style=\"aspect-ratio:1900 \/ 1267\"\/>Shoka \u00c5hrman \u00e4r sparekonom p\u00e5 SPP Pension och f\u00f6rs\u00e4kring. Arkivbild. Foto: Christine Olsson\/TT<\/p>\n<p class=\"hyperion-css-1shl3oz\" data-test-tag=\"lead-text\">H\u00f6jda m\u00e5nadsbelopp och h\u00f6jd rikt\u00e5lder \u2013 s\u00e5 ska du t\u00e4nka kring pensionen inf\u00f6r det orangea kuvertet.<\/p>\n<p class=\"hyperion-css-1shl3oz\" data-test-tag=\"lead-text\">\u2013 N\u00e4r vi f\u00e5r mer i pl\u00e5nb\u00f6ckerna, d\u00e5 kan det vara l\u00e4ge att b\u00f6rja spara de h\u00e4r tusenlapparna eller hundralapparna som du f\u00e5r \u00f6ver, s\u00e4ger Shoka \u00c5hrman, sparekonom SPP.<\/p>\n<p class=\"hyperion-css-1v9qo5x\">Det nya \u00e5ret kommer med flera \u00e4ndringar f\u00f6r pensionen. F\u00f6rsta januari 2026 h\u00f6js rikt\u00e5ldern till 67 \u00e5r. Rikt\u00e5ldern avg\u00f6r i f\u00f6rsta hand den l\u00e4gsta m\u00f6jliga \u00e5ldern f\u00f6r uttag av inkomstpension (3 \u00e5r f\u00f6re rikt\u00e5ldern, allts\u00e5 64 \u00e5r fr\u00e5n och med 2026). Den avser \u00e4ven den l\u00e4gsta \u00e5ldern d\u00e5 man f\u00e5r ta ut garantipension och har r\u00e4tt till bostadstill\u00e4gg.<\/p>\n<p class=\"hyperion-css-1v9qo5x\">Prognosen \u00e4r att rikt\u00e5ldern successivt stiger till 70 \u00e5r f\u00f6r dem som \u00e4r f\u00f6dda i slutet av 1990-talet och senare.<\/p>\n<p class=\"hyperion-css-1v9qo5x\">Den nya rikt\u00e5ldern inneb\u00e4r flera \u00f6verv\u00e4ganden, enligt Shoka \u00c5hrman.<\/p>\n<p class=\"hyperion-css-1v9qo5x\">\u2013 Nu n\u00e4r vi vet att vi beh\u00f6ver h\u00e5lla oss i arbetslivet l\u00e4ngre, beh\u00f6ver vi ocks\u00e5 fundera p\u00e5: Beh\u00f6ver jag skola om mig? Kan jag jobba till rikt\u00e5ldern om jag byter riktning eller kompetensutvecklar p\u00e5 ett annat s\u00e4tt?<\/p>\n<p>Mer i pl\u00e5nboken<\/p>\n<p class=\"hyperion-css-1v9qo5x\">Hon tycker att det nya \u00e5ret \u00e4r ett bra tillf\u00e4lle att se \u00f6ver sin pension. Dels f\u00f6r att f\u00e5 en \u00f6verblick och planera, men \u00e4ven f\u00f6r att se \u00f6ver sin riskniv\u00e5 och vilka avgifter man betalar.<\/p>\n<p class=\"hyperion-css-1v9qo5x\">\u2013 M\u00e5nga g\u00e5r ocks\u00e5 runt och oroar sig utan att ha en verklig bild, s\u00e4ger hon och till\u00e4gger:<\/p>\n<p class=\"hyperion-css-1v9qo5x\">\u2013 Titta p\u00e5 pensionen som helhet n\u00e4r du ocks\u00e5 sitter ner och budgeterar f\u00f6r din ekonomi 2026, eller f\u00f6r ditt nya ekonomiska ny\u00e5rsl\u00f6fte.<\/p>\n<p class=\"hyperion-css-1v9qo5x\">I januari \u00f6kar \u00e4ven inkomstpensionen och till\u00e4ggspensionen med 1,9 procent, medan garantipensionen stiger 0,7 procent. Exakt vad det inneb\u00e4r i pl\u00e5nboken g\u00e5r att se hos pensionsmyndigheten f\u00f6rst i januari. Det \u00e4r d\u00e4remot inte bara pension\u00e4rerna som ska r\u00e4kna med mer i pl\u00e5nboken under 2026.<\/p>\n<p class=\"hyperion-css-1v9qo5x\">\u2013 Det \u00e4r f\u00f6rsta g\u00e5ngen p\u00e5 ganska l\u00e4nge som vi faktiskt f\u00e5r en reall\u00f6ne\u00f6kning.<\/p>\n<p>Tipsen f\u00f6r 2026<\/p>\n<p class=\"hyperion-css-1v9qo5x\">Det kan ocks\u00e5 vara l\u00e4ge att \u00e5teruppta eller \u00f6ka sparandet f\u00f6r de extra pengar som man f\u00e5r i pl\u00e5nboken. Det nya \u00e5ret inneb\u00e4r \u00e4ven att det skattefria sparbeloppet p\u00e5 ISK h\u00f6js till 300\u00a0000 kronor.<\/p>\n<p class=\"hyperion-css-1v9qo5x\">\u2013 \u00c4r du ung s\u00e5 kanske din f\u00f6rsta prioritet inte \u00e4r att b\u00f6rja med en j\u00e4ttestor summa i pensionssparande, men d\u00e5 kanske du kan s\u00e4tta undan lite till ett l\u00e5ngsiktigt vanligt sparande.<\/p>\n<p class=\"hyperion-css-1v9qo5x\">Hon rekommenderar att v\u00e5ga ta risk med sitt pensionssparande, framf\u00f6r allt om man \u00e4r ung. Till den som n\u00e4rmar sig pensions\u00e5ldern rekommenderar hon att inte dra ner risken helt.<\/p>\n<p class=\"hyperion-css-1v9qo5x\">\u2013 Pensionskapitalet betalas inte ut \u00f6ver en natt, utan \u00e4r l\u00e5ngsiktigt. Du kan fortfarande vara med och ta del av utvecklingen p\u00e5 aktiemarknaden.<\/p>\n","protected":false},"excerpt":{"rendered":"share-arrowDela unsaveSpara expand-left helsk\u00e4rmShoka \u00c5hrman \u00e4r sparekonom p\u00e5 SPP Pension och f\u00f6rs\u00e4kring. Arkivbild. Foto: Christine Olsson\/TT H\u00f6jda m\u00e5nadsbelopp&hellip;\n","protected":false},"author":2,"featured_media":120618,"comment_status":"","ping_status":"","sticky":false,"template":"","format":"standard","meta":{"footnotes":""},"categories":[5],"tags":[22,23,26,27,17,21,24,25,28,29,15,16,18,34,31,33,32,30,19,20],"class_list":{"0":"post-120617","1":"post","2":"type-post","3":"status-publish","4":"format-standard","5":"has-post-thumbnail","7":"category-rubriker","8":"tag-breaking-news","9":"tag-breakingnews","10":"tag-featured-news","11":"tag-featurednews","12":"tag-headlines","13":"tag-huvudnyheter","14":"tag-latest-news","15":"tag-latestnews","16":"tag-main-news","17":"tag-mainnews","18":"tag-news","19":"tag-nyheter","20":"tag-rubriker","21":"tag-se","22":"tag-svenska","23":"tag-sverige","24":"tag-sweden","25":"tag-swedish","26":"tag-top-stories","27":"tag-topstories"},"share_on_mastodon":{"url":"https:\/\/pubeurope.com\/@se\/115807625091675266","error":""},"_links":{"self":[{"href":"https:\/\/www.europesays.com\/se\/wp-json\/wp\/v2\/posts\/120617","targetHints":{"allow":["GET"]}}],"collection":[{"href":"https:\/\/www.europesays.com\/se\/wp-json\/wp\/v2\/posts"}],"about":[{"href":"https:\/\/www.europesays.com\/se\/wp-json\/wp\/v2\/types\/post"}],"author":[{"embeddable":true,"href":"https:\/\/www.europesays.com\/se\/wp-json\/wp\/v2\/users\/2"}],"replies":[{"embeddable":true,"href":"https:\/\/www.europesays.com\/se\/wp-json\/wp\/v2\/comments?post=120617"}],"version-history":[{"count":0,"href":"https:\/\/www.europesays.com\/se\/wp-json\/wp\/v2\/posts\/120617\/revisions"}],"wp:featuredmedia":[{"embeddable":true,"href":"https:\/\/www.europesays.com\/se\/wp-json\/wp\/v2\/media\/120618"}],"wp:attachment":[{"href":"https:\/\/www.europesays.com\/se\/wp-json\/wp\/v2\/media?parent=120617"}],"wp:term":[{"taxonomy":"category","embeddable":true,"href":"https:\/\/www.europesays.com\/se\/wp-json\/wp\/v2\/categories?post=120617"},{"taxonomy":"post_tag","embeddable":true,"href":"https:\/\/www.europesays.com\/se\/wp-json\/wp\/v2\/tags?post=120617"}],"curies":[{"name":"wp","href":"https:\/\/api.w.org\/{rel}","templated":true}]}}