{"id":120624,"date":"2025-12-30T08:46:26","date_gmt":"2025-12-30T08:46:26","guid":{"rendered":"https:\/\/www.europesays.com\/se\/120624\/"},"modified":"2025-12-30T08:46:26","modified_gmt":"2025-12-30T08:46:26","slug":"vast-backar-fran-elbilsmal-riskerar-att-ge-kina-forsprang","status":"publish","type":"post","link":"https:\/\/www.europesays.com\/se\/120624\/","title":{"rendered":"V\u00e4st backar fr\u00e5n elbilsm\u00e5l \u2013 riskerar att ge Kina f\u00f6rspr\u00e5ng"},"content":{"rendered":"<p>Elbilspausen i v\u00e4st kan bli dyrk\u00f6pt. EU backar fr\u00e5n sitt tidigare bensinf\u00f6rbud 2035 och \u00f6ppnar i\u202fst\u00e4llet f\u00f6r fortsatt f\u00f6rs\u00e4ljning av bilar med fossildrivna inslag. <\/p>\n<p>Governments are tempting a shift back to petrol.<\/p>\n<p>Omni \u00e4r politiskt obundna och oberoende. Vi str\u00e4var efter att ge fler perspektiv p\u00e5 nyheterna. Har du fr\u00e5gor eller synpunkter kring v\u00e5r rapportering? <a href=\"https:\/\/omniekonomi.se\/vast-backar-fran-elbilsmal-riskerar-att-ge-kina-forsprang\/a\/mailto:eko@omni.se\" class=\"ArticleActions_contactLink__W2F1M\" rel=\"nofollow noopener\" target=\"_blank\">Kontakta redaktionen<\/a><\/p>\n","protected":false},"excerpt":{"rendered":"Elbilspausen i v\u00e4st kan bli dyrk\u00f6pt. EU backar fr\u00e5n sitt tidigare bensinf\u00f6rbud 2035 och \u00f6ppnar i\u202fst\u00e4llet f\u00f6r fortsatt&hellip;\n","protected":false},"author":2,"featured_media":120625,"comment_status":"","ping_status":"","sticky":false,"template":"","format":"standard","meta":{"footnotes":""},"categories":[14],"tags":[420,22,23,73,267,26,27,5509,7017,938,2609,5508,17,21,549,24,25,28,29,15,268,16,103,18,34,12833,31,33,32,30,396,5036,19,20,74,51,1311,52,53,54],"class_list":{"0":"post-120624","1":"post","2":"type-post","3":"status-publish","4":"format-standard","5":"has-post-thumbnail","7":"category-varlden","8":"tag-asien","9":"tag-breaking-news","10":"tag-breakingnews","11":"tag-eu","12":"tag-europa","13":"tag-featured-news","14":"tag-featurednews","15":"tag-ford-motor","16":"tag-fordjupning","17":"tag-fordon-transport","18":"tag-fordonsindustri","19":"tag-general-motors","20":"tag-headlines","21":"tag-huvudnyheter","22":"tag-kina","23":"tag-latest-news","24":"tag-latestnews","25":"tag-main-news","26":"tag-mainnews","27":"tag-news","28":"tag-nordamerika","29":"tag-nyheter","30":"tag-premium","31":"tag-rubriker","32":"tag-se","33":"tag-stellantis","34":"tag-svenska","35":"tag-sverige","36":"tag-sweden","37":"tag-swedish","38":"tag-tesla","39":"tag-the-economist","40":"tag-top-stories","41":"tag-topstories","42":"tag-usa","43":"tag-varlden","44":"tag-volkswagen","45":"tag-world","46":"tag-world-news","47":"tag-worldnews"},"share_on_mastodon":{"url":"","error":"Validation failed: Text character limit of 500 exceeded"},"_links":{"self":[{"href":"https:\/\/www.europesays.com\/se\/wp-json\/wp\/v2\/posts\/120624","targetHints":{"allow":["GET"]}}],"collection":[{"href":"https:\/\/www.europesays.com\/se\/wp-json\/wp\/v2\/posts"}],"about":[{"href":"https:\/\/www.europesays.com\/se\/wp-json\/wp\/v2\/types\/post"}],"author":[{"embeddable":true,"href":"https:\/\/www.europesays.com\/se\/wp-json\/wp\/v2\/users\/2"}],"replies":[{"embeddable":true,"href":"https:\/\/www.europesays.com\/se\/wp-json\/wp\/v2\/comments?post=120624"}],"version-history":[{"count":0,"href":"https:\/\/www.europesays.com\/se\/wp-json\/wp\/v2\/posts\/120624\/revisions"}],"wp:featuredmedia":[{"embeddable":true,"href":"https:\/\/www.europesays.com\/se\/wp-json\/wp\/v2\/media\/120625"}],"wp:attachment":[{"href":"https:\/\/www.europesays.com\/se\/wp-json\/wp\/v2\/media?parent=120624"}],"wp:term":[{"taxonomy":"category","embeddable":true,"href":"https:\/\/www.europesays.com\/se\/wp-json\/wp\/v2\/categories?post=120624"},{"taxonomy":"post_tag","embeddable":true,"href":"https:\/\/www.europesays.com\/se\/wp-json\/wp\/v2\/tags?post=120624"}],"curies":[{"name":"wp","href":"https:\/\/api.w.org\/{rel}","templated":true}]}}