{"id":120633,"date":"2025-12-30T08:55:11","date_gmt":"2025-12-30T08:55:11","guid":{"rendered":"https:\/\/www.europesays.com\/se\/120633\/"},"modified":"2025-12-30T08:55:11","modified_gmt":"2025-12-30T08:55:11","slug":"boeing-far-kontrakt-pa-f-15-till-israel","status":"publish","type":"post","link":"https:\/\/www.europesays.com\/se\/120633\/","title":{"rendered":"Boeing f\u00e5r kontrakt p\u00e5 F-15 till Israel"},"content":{"rendered":"<p>Kontraktet g\u00e4ller det s\u00e5 kallade F-15 Israel Program och meddelades strax efter att den israeliska premi\u00e4rministern <strong>Benjamin Netanyahu<\/strong> haft m\u00f6te med USA:s president <strong>Donald Trump<\/strong>.<\/p>\n<p>\u201dKontraktet omfattar konstruktion, integration, instrumentering, testning, produktion och leverans av 25 nya F-15IA-flygplan till det israeliska flygvapnet, med option p\u00e5 ytterligare 25 F-15IA-flygplan\u201d, skriver Pentagon i ett uttalande.<\/p>\n<p>Arbetet v\u00e4ntas vara f\u00e4rdig vid slutet av 2035.<\/p>\n","protected":false},"excerpt":{"rendered":"Kontraktet g\u00e4ller det s\u00e5 kallade F-15 Israel Program och meddelades strax efter att den israeliska premi\u00e4rministern Benjamin Netanyahu&hellip;\n","protected":false},"author":2,"featured_media":120634,"comment_status":"","ping_status":"","sticky":false,"template":"","format":"standard","meta":{"footnotes":""},"categories":[14],"tags":[22,23,26,27,17,21,24,25,28,29,15,16,18,34,31,33,32,30,19,20,51,52,53,54],"class_list":{"0":"post-120633","1":"post","2":"type-post","3":"status-publish","4":"format-standard","5":"has-post-thumbnail","7":"category-varlden","8":"tag-breaking-news","9":"tag-breakingnews","10":"tag-featured-news","11":"tag-featurednews","12":"tag-headlines","13":"tag-huvudnyheter","14":"tag-latest-news","15":"tag-latestnews","16":"tag-main-news","17":"tag-mainnews","18":"tag-news","19":"tag-nyheter","20":"tag-rubriker","21":"tag-se","22":"tag-svenska","23":"tag-sverige","24":"tag-sweden","25":"tag-swedish","26":"tag-top-stories","27":"tag-topstories","28":"tag-varlden","29":"tag-world","30":"tag-world-news","31":"tag-worldnews"},"share_on_mastodon":{"url":"https:\/\/pubeurope.com\/@se\/115807684051114883","error":""},"_links":{"self":[{"href":"https:\/\/www.europesays.com\/se\/wp-json\/wp\/v2\/posts\/120633","targetHints":{"allow":["GET"]}}],"collection":[{"href":"https:\/\/www.europesays.com\/se\/wp-json\/wp\/v2\/posts"}],"about":[{"href":"https:\/\/www.europesays.com\/se\/wp-json\/wp\/v2\/types\/post"}],"author":[{"embeddable":true,"href":"https:\/\/www.europesays.com\/se\/wp-json\/wp\/v2\/users\/2"}],"replies":[{"embeddable":true,"href":"https:\/\/www.europesays.com\/se\/wp-json\/wp\/v2\/comments?post=120633"}],"version-history":[{"count":0,"href":"https:\/\/www.europesays.com\/se\/wp-json\/wp\/v2\/posts\/120633\/revisions"}],"wp:featuredmedia":[{"embeddable":true,"href":"https:\/\/www.europesays.com\/se\/wp-json\/wp\/v2\/media\/120634"}],"wp:attachment":[{"href":"https:\/\/www.europesays.com\/se\/wp-json\/wp\/v2\/media?parent=120633"}],"wp:term":[{"taxonomy":"category","embeddable":true,"href":"https:\/\/www.europesays.com\/se\/wp-json\/wp\/v2\/categories?post=120633"},{"taxonomy":"post_tag","embeddable":true,"href":"https:\/\/www.europesays.com\/se\/wp-json\/wp\/v2\/tags?post=120633"}],"curies":[{"name":"wp","href":"https:\/\/api.w.org\/{rel}","templated":true}]}}