{"id":120635,"date":"2025-12-30T08:57:18","date_gmt":"2025-12-30T08:57:18","guid":{"rendered":"https:\/\/www.europesays.com\/se\/120635\/"},"modified":"2025-12-30T08:57:18","modified_gmt":"2025-12-30T08:57:18","slug":"8-sidor-nyar-pa-hotell-for-hundar","status":"publish","type":"post","link":"https:\/\/www.europesays.com\/se\/120635\/","title":{"rendered":"8 Sidor &#8211; Ny\u00e5r p\u00e5 hotell f\u00f6r hundar"},"content":{"rendered":"<p>Labradoodlen Brus och wachtelhunden Radar bor g\u00e4rna p\u00e5 hotell p\u00e5 ny\u00e5r. Foto: Adam Ishe\/TT<\/p>\n<p>M\u00e5nga hundar \u00e4r r\u00e4dda<br \/>f\u00f6r raketer.<br \/>Ny\u00e5rsafton kan vara<br \/>mycket jobbig f\u00f6r hundarna<br \/>och deras \u00e4gare.<\/p>\n<p>Runt flygplatser \u00e4r det f\u00f6rbjudet<br \/>att skjuta fyrverkerier.<br \/>D\u00e4rf\u00f6r har flygplatsernas<br \/>hotell blivit popul\u00e4ra.<\/p>\n<p>M\u00e5nga hundar och deras \u00e4gare<br \/>v\u00e4ljer att bo d\u00e4r<br \/>\u00f6ver ny\u00e5rsafton.<\/p>\n<p>Redan i februari<br \/>var rummen p\u00e5\u00a0ny\u00e5rsafton<br \/>fullbokade p\u00e5 Clarions hotell<br \/>p\u00e5 flygplatsen Arlanda<br \/>utanf\u00f6r Stockholm.<\/p>\n<p>\u2013 Hit kommer 300 hundar<br \/>och tv\u00e5 katter,<br \/>s\u00e4ger hotellets chef Mirja Braun.<\/p>\n<p>Scandics hotell vid<br \/>flygplatsen Landvetter<br \/>utanf\u00f6r G\u00f6teborg<br \/>\u00e4r ocks\u00e5 popul\u00e4rt f\u00f6r hundar.<\/p>\n<p>\u2013 M\u00e5nga g\u00e4ster<br \/>bokar f\u00f6r n\u00e4sta \u00e5r<br \/>redan n\u00e4r de l\u00e4mnar<br \/>p\u00e5 ny\u00e5rsdagen.<\/p>\n<p>Det s\u00e4ger hotellets<br \/>chef Martin Blideskog.<\/p>\n<p>Flera av hotellen<br \/>g\u00f6r ny\u00e5r speciellt<br \/>f\u00f6r hundarna<br \/>och deras \u00e4gare.<\/p>\n<p>Det kan vara tr\u00e4ning<br \/>med hundtr\u00e4nare.<br \/>Hundarna kan ocks\u00e5 f\u00e5<br \/>godisar och leksaker.<\/p>\n<p>8 SIDOR\/TT<\/p>\n","protected":false},"excerpt":{"rendered":"Labradoodlen Brus och wachtelhunden Radar bor g\u00e4rna p\u00e5 hotell p\u00e5 ny\u00e5r. Foto: Adam Ishe\/TT M\u00e5nga hundar \u00e4r r\u00e4ddaf\u00f6r&hellip;\n","protected":false},"author":2,"featured_media":120636,"comment_status":"","ping_status":"","sticky":false,"template":"","format":"standard","meta":{"footnotes":""},"categories":[5],"tags":[22,23,26,27,17,21,24,25,28,29,15,16,18,34,31,33,32,30,19,20],"class_list":{"0":"post-120635","1":"post","2":"type-post","3":"status-publish","4":"format-standard","5":"has-post-thumbnail","7":"category-rubriker","8":"tag-breaking-news","9":"tag-breakingnews","10":"tag-featured-news","11":"tag-featurednews","12":"tag-headlines","13":"tag-huvudnyheter","14":"tag-latest-news","15":"tag-latestnews","16":"tag-main-news","17":"tag-mainnews","18":"tag-news","19":"tag-nyheter","20":"tag-rubriker","21":"tag-se","22":"tag-svenska","23":"tag-sverige","24":"tag-sweden","25":"tag-swedish","26":"tag-top-stories","27":"tag-topstories"},"share_on_mastodon":{"url":"https:\/\/pubeurope.com\/@se\/115807691920286476","error":""},"_links":{"self":[{"href":"https:\/\/www.europesays.com\/se\/wp-json\/wp\/v2\/posts\/120635","targetHints":{"allow":["GET"]}}],"collection":[{"href":"https:\/\/www.europesays.com\/se\/wp-json\/wp\/v2\/posts"}],"about":[{"href":"https:\/\/www.europesays.com\/se\/wp-json\/wp\/v2\/types\/post"}],"author":[{"embeddable":true,"href":"https:\/\/www.europesays.com\/se\/wp-json\/wp\/v2\/users\/2"}],"replies":[{"embeddable":true,"href":"https:\/\/www.europesays.com\/se\/wp-json\/wp\/v2\/comments?post=120635"}],"version-history":[{"count":0,"href":"https:\/\/www.europesays.com\/se\/wp-json\/wp\/v2\/posts\/120635\/revisions"}],"wp:featuredmedia":[{"embeddable":true,"href":"https:\/\/www.europesays.com\/se\/wp-json\/wp\/v2\/media\/120636"}],"wp:attachment":[{"href":"https:\/\/www.europesays.com\/se\/wp-json\/wp\/v2\/media?parent=120635"}],"wp:term":[{"taxonomy":"category","embeddable":true,"href":"https:\/\/www.europesays.com\/se\/wp-json\/wp\/v2\/categories?post=120635"},{"taxonomy":"post_tag","embeddable":true,"href":"https:\/\/www.europesays.com\/se\/wp-json\/wp\/v2\/tags?post=120635"}],"curies":[{"name":"wp","href":"https:\/\/api.w.org\/{rel}","templated":true}]}}