{"id":120649,"date":"2025-12-30T09:12:07","date_gmt":"2025-12-30T09:12:07","guid":{"rendered":"https:\/\/www.europesays.com\/se\/120649\/"},"modified":"2025-12-30T09:12:07","modified_gmt":"2025-12-30T09:12:07","slug":"regeringen-satsar-pa-att-uppmarksamma-ungas-ideella-engagemang","status":"publish","type":"post","link":"https:\/\/www.europesays.com\/se\/120649\/","title":{"rendered":"Regeringen satsar p\u00e5 att uppm\u00e4rksamma ungas ideella engagemang"},"content":{"rendered":"<p>&#13;<br \/>\nRegeringen avs\u00e4tter 2 miljoner kronor f\u00f6r insatser som syftar till att uppm\u00e4rksamma och st\u00e4rka ungas ideella engagemang. <\/p>\n<p>\u2013 Unga som engagerar sig ideellt g\u00f6r en viktig insats f\u00f6r v\u00e5rt samh\u00e4lle. Genom denna nya satsning vill vi lyfta fram och uppmuntra deras engagemang, s\u00e4ger socialminister Jakob Forssmed.<\/p>\n<p>\u2013\u00a0Genom att uppmuntra ungas engagemang kan vi st\u00e4rka civilsamh\u00e4llet. Det kan ocks\u00e5 bidra till att fler f\u00e5r upp \u00f6gonen f\u00f6r f\u00f6reningslivet, s\u00e4ger civilminister Erik Slottner.<\/p>\n<p>Medlen ska anv\u00e4ndas f\u00f6r att uppm\u00e4rksamma och synligg\u00f6ra ungas ideella arbete f\u00f6r att inspirera andra. Uppdraget \u00e4r en del av regeringens arbete f\u00f6r att st\u00e4rka civilsamh\u00e4llets f\u00f6ruts\u00e4ttningar och fr\u00e4mja delaktighet bland unga.<\/p>\n","protected":false},"excerpt":{"rendered":"&#13; Regeringen avs\u00e4tter 2 miljoner kronor f\u00f6r insatser som syftar till att uppm\u00e4rksamma och st\u00e4rka ungas ideella engagemang.&hellip;\n","protected":false},"author":2,"featured_media":67452,"comment_status":"","ping_status":"","sticky":false,"template":"","format":"standard","meta":{"footnotes":""},"categories":[12],"tags":[22,23,26,27,17,21,24,25,28,29,15,16,18,34,31,33,32,30,19,20],"class_list":{"0":"post-120649","1":"post","2":"type-post","3":"status-publish","4":"format-standard","5":"has-post-thumbnail","7":"category-sverige","8":"tag-breaking-news","9":"tag-breakingnews","10":"tag-featured-news","11":"tag-featurednews","12":"tag-headlines","13":"tag-huvudnyheter","14":"tag-latest-news","15":"tag-latestnews","16":"tag-main-news","17":"tag-mainnews","18":"tag-news","19":"tag-nyheter","20":"tag-rubriker","21":"tag-se","22":"tag-svenska","23":"tag-sverige","24":"tag-sweden","25":"tag-swedish","26":"tag-top-stories","27":"tag-topstories"},"share_on_mastodon":{"url":"https:\/\/pubeurope.com\/@se\/115807750933870388","error":""},"_links":{"self":[{"href":"https:\/\/www.europesays.com\/se\/wp-json\/wp\/v2\/posts\/120649","targetHints":{"allow":["GET"]}}],"collection":[{"href":"https:\/\/www.europesays.com\/se\/wp-json\/wp\/v2\/posts"}],"about":[{"href":"https:\/\/www.europesays.com\/se\/wp-json\/wp\/v2\/types\/post"}],"author":[{"embeddable":true,"href":"https:\/\/www.europesays.com\/se\/wp-json\/wp\/v2\/users\/2"}],"replies":[{"embeddable":true,"href":"https:\/\/www.europesays.com\/se\/wp-json\/wp\/v2\/comments?post=120649"}],"version-history":[{"count":0,"href":"https:\/\/www.europesays.com\/se\/wp-json\/wp\/v2\/posts\/120649\/revisions"}],"wp:featuredmedia":[{"embeddable":true,"href":"https:\/\/www.europesays.com\/se\/wp-json\/wp\/v2\/media\/67452"}],"wp:attachment":[{"href":"https:\/\/www.europesays.com\/se\/wp-json\/wp\/v2\/media?parent=120649"}],"wp:term":[{"taxonomy":"category","embeddable":true,"href":"https:\/\/www.europesays.com\/se\/wp-json\/wp\/v2\/categories?post=120649"},{"taxonomy":"post_tag","embeddable":true,"href":"https:\/\/www.europesays.com\/se\/wp-json\/wp\/v2\/tags?post=120649"}],"curies":[{"name":"wp","href":"https:\/\/api.w.org\/{rel}","templated":true}]}}