{"id":120659,"date":"2025-12-30T09:22:15","date_gmt":"2025-12-30T09:22:15","guid":{"rendered":"https:\/\/www.europesays.com\/se\/120659\/"},"modified":"2025-12-30T09:22:15","modified_gmt":"2025-12-30T09:22:15","slug":"stormen-johannes-forodelse-tullar-tech-och-trams-bland-nyorden-2025-p3-nyheter-med-agnes-cohn-29-december-2025-p3-nyheter-med","status":"publish","type":"post","link":"https:\/\/www.europesays.com\/se\/120659\/","title":{"rendered":"Stormen Johannes f\u00f6r\u00f6delse\u00a0&#038; tullar, tech och trams bland nyorden 2025 \u2013 P3 Nyheter med Agnes Cohn 29 december 2025 &#8211; P3 Nyheter med"},"content":{"rendered":"<p>I stora delar av Sverige pr\u00e4glades julhelgen av stormen Johannes. Ov\u00e4dret har l\u00e4mnat kaos efter sig, med tusentals tr\u00e4d som fallit, trafikproblem och tre d\u00f6da. I G\u00e4vle var l\u00e4get s\u00e5 pass allvarligt att Hesa Fredrik tj\u00f6t \u2013 en varning som inte g\u00e5r ut ofta.<\/p>\n<p>Senare pratar vi om nyorden 2025, en lista \u00f6ver 27 ord som speglar samtidens spr\u00e5kbruk och trender. Orden pr\u00e4glas bland annat av det f\u00f6r\u00e4ndrade politiskt l\u00e4get och samh\u00e4llets tekniska framsteg. Men andra ord p\u00e5 listan beskrivs som \u201dtrams\u201d eller ren \u201dnonsens\u201d.<\/p>\n","protected":false},"excerpt":{"rendered":"I stora delar av Sverige pr\u00e4glades julhelgen av stormen Johannes. Ov\u00e4dret har l\u00e4mnat kaos efter sig, med tusentals&hellip;\n","protected":false},"author":2,"featured_media":9350,"comment_status":"","ping_status":"","sticky":false,"template":"","format":"standard","meta":{"footnotes":""},"categories":[5],"tags":[22,23,26,27,17,21,24,25,28,29,15,16,18,34,31,33,32,30,19,20],"class_list":{"0":"post-120659","1":"post","2":"type-post","3":"status-publish","4":"format-standard","5":"has-post-thumbnail","7":"category-rubriker","8":"tag-breaking-news","9":"tag-breakingnews","10":"tag-featured-news","11":"tag-featurednews","12":"tag-headlines","13":"tag-huvudnyheter","14":"tag-latest-news","15":"tag-latestnews","16":"tag-main-news","17":"tag-mainnews","18":"tag-news","19":"tag-nyheter","20":"tag-rubriker","21":"tag-se","22":"tag-svenska","23":"tag-sverige","24":"tag-sweden","25":"tag-swedish","26":"tag-top-stories","27":"tag-topstories"},"share_on_mastodon":{"url":"https:\/\/pubeurope.com\/@se\/115807790212875798","error":""},"_links":{"self":[{"href":"https:\/\/www.europesays.com\/se\/wp-json\/wp\/v2\/posts\/120659","targetHints":{"allow":["GET"]}}],"collection":[{"href":"https:\/\/www.europesays.com\/se\/wp-json\/wp\/v2\/posts"}],"about":[{"href":"https:\/\/www.europesays.com\/se\/wp-json\/wp\/v2\/types\/post"}],"author":[{"embeddable":true,"href":"https:\/\/www.europesays.com\/se\/wp-json\/wp\/v2\/users\/2"}],"replies":[{"embeddable":true,"href":"https:\/\/www.europesays.com\/se\/wp-json\/wp\/v2\/comments?post=120659"}],"version-history":[{"count":0,"href":"https:\/\/www.europesays.com\/se\/wp-json\/wp\/v2\/posts\/120659\/revisions"}],"wp:featuredmedia":[{"embeddable":true,"href":"https:\/\/www.europesays.com\/se\/wp-json\/wp\/v2\/media\/9350"}],"wp:attachment":[{"href":"https:\/\/www.europesays.com\/se\/wp-json\/wp\/v2\/media?parent=120659"}],"wp:term":[{"taxonomy":"category","embeddable":true,"href":"https:\/\/www.europesays.com\/se\/wp-json\/wp\/v2\/categories?post=120659"},{"taxonomy":"post_tag","embeddable":true,"href":"https:\/\/www.europesays.com\/se\/wp-json\/wp\/v2\/tags?post=120659"}],"curies":[{"name":"wp","href":"https:\/\/api.w.org\/{rel}","templated":true}]}}