{"id":120666,"date":"2025-12-30T09:30:28","date_gmt":"2025-12-30T09:30:28","guid":{"rendered":"https:\/\/www.europesays.com\/se\/120666\/"},"modified":"2025-12-30T09:30:28","modified_gmt":"2025-12-30T09:30:28","slug":"kilometerlanga-skador-pa-viltstangsel-efter-stormen-hudiksvalls-tidning","status":"publish","type":"post","link":"https:\/\/www.europesays.com\/se\/120666\/","title":{"rendered":"Kilometerl\u00e5nga skador p\u00e5 viltst\u00e4ngsel efter stormen &#8211; Hudiksvalls Tidning"},"content":{"rendered":"<ol>\n<li><a href=\"https:\/\/news.google.com\/rss\/articles\/CBMiiAFBVV95cUxOS3FvclJVWm9NTG1taGotOFh0UmVkYW9heDdjZml0T3JNckhDZ2VGUkxFQW5YdkRDQ1ExQ3Ezdk1ucHFndkVUMzZGcXYwUjlKSV9TYXJ6MGsySmFrbmwyMENYRjJndXJLNm5sWnJRWmY0UF9UUVlRUS1CNk93cjhNSHdfMi1yZ29z?oc=5\" target=\"_blank\" rel=\"nofollow noopener\">Kilometerl\u00e5nga skador p\u00e5 viltst\u00e4ngsel efter stormen<\/a>&nbsp;&nbsp;Hudiksvalls Tidning<\/li>\n<li><a href=\"https:\/\/news.google.com\/rss\/articles\/CBMiqAFBVV95cUxNTThjamVoVFFRVThPUmxhVW9ZRHdYRGFyZ1FjSFNfRGxfNEc2NmFDX0h1OUhCb0pUbGFHbW9JXzhwaU1NMlRDYm1IMmZvZG5qOGt2Q01oczhVTHZsZFQ2eHRjVEV4UU9sWWk1WG84aU9xWVFXRmMtV2MxMmdsYTduOUdWNk9yWDMzSXFLb1RLRlVRcElfY3g1TGZYUGx6TDNoeUxEQU15WUE?oc=5\" target=\"_blank\" rel=\"nofollow noopener\">H\u00e4r faller tr\u00e4d \u00f6ver flera v\u00e4gar i G\u00e4vleborgs l\u00e4n till f\u00f6ljd av stormen Johannes<\/a>&nbsp;&nbsp;SVT Nyheter<\/li>\n<li><a href=\"https:\/\/news.google.com\/rss\/articles\/CBMisAFBVV95cUxNdjhXWlFpWDctVUtBYXhMMHVxYUdoSDUteEMtVlhIQjJnLWIxQ0NzSlNQRzNLaGFJaGE1ZE1WRGlwZnFmUWJzZm5SSE5BUzl4d1RTalg0c3o5V1B5VGphZEZtY1JDQ0Fra0UxV0ZkcjJ4QmVtMlQ4QXFDaU42a0YxUVRaMGgwZVlrbkdFeVRqaW5GT1VZbDI0di1XblR6cGJ5WFluQ2hqYnFfUWpqczVkeg?oc=5\" target=\"_blank\" rel=\"nofollow noopener\">Tr\u00e4d \u00f6ver v\u00e4gen skapar problem i trafiken p\u00e5 E4<\/a>&nbsp;&nbsp;norran.se<\/li>\n<li><a href=\"https:\/\/news.google.com\/rss\/articles\/CBMixwFBVV95cUxQOEVYVzNfcGRoZkNpc1ZJeGEtZEtNU1h5Z0lqZlFLcVVtRjg2bDAzeTJ5ejNsQlI2ak5reUFmX2stVHlVcGdGWlBzV3BMd0RERWdxb1UxX0t0T1RjdGNZb2t4RmI4bU85NEZSQWJXOW9LYktmNHVxeEE2UmpQM3RGWnpUaGEzY3dDUm9OWDZqR0FrVHpETGpUV0x5TVZvcHpfZmtHdDhjZnc2NjZZUTFNVDFCcEhGbEdrZzVUb1ZRdUJ5cXNPVmxv?oc=5\" target=\"_blank\" rel=\"nofollow noopener\">Djurparken bommade igen: &#8221;Tr\u00e4d som bl\u00e5st ner&#8221;<\/a>&nbsp;&nbsp;Expressen<\/li>\n<li><a href=\"https:\/\/news.google.com\/rss\/articles\/CBMiqAFBVV95cUxOUDBrSXp1U2FjUlpEdkZydWZ2T3djUzFLbG9fRGZ3V2UwaGxKMm1EdDVvc0tBVXlCU2lodEw1dGo3OFFPTmI0QUZtM2kybDJGV1RoLUs2Vmg4YWVvUVgtUDJmQkotR3N5Wnpvc2VhdnZvblFZOHRoZkxmbERISWNRQXc5cDFEODc1WHhCSU91OVY0UzdFUWZ3NVNsR01mcVpod19BUTRHYlE?oc=5\" target=\"_blank\" rel=\"nofollow noopener\">Problem i trafiken efter nedfallna tr\u00e4d p\u00e5 E4<\/a>&nbsp;&nbsp;Kuriren<\/li>\n<\/ol>\n","protected":false},"excerpt":{"rendered":"Kilometerl\u00e5nga skador p\u00e5 viltst\u00e4ngsel efter stormen&nbsp;&nbsp;Hudiksvalls Tidning H\u00e4r faller tr\u00e4d \u00f6ver flera v\u00e4gar i G\u00e4vleborgs l\u00e4n till f\u00f6ljd&hellip;\n","protected":false},"author":2,"featured_media":120497,"comment_status":"","ping_status":"","sticky":false,"template":"","format":"standard","meta":{"footnotes":""},"categories":[5],"tags":[22,23,26,27,17,21,24,25,28,29,15,16,18,34,31,33,32,30,19,20],"class_list":{"0":"post-120666","1":"post","2":"type-post","3":"status-publish","4":"format-standard","5":"has-post-thumbnail","7":"category-rubriker","8":"tag-breaking-news","9":"tag-breakingnews","10":"tag-featured-news","11":"tag-featurednews","12":"tag-headlines","13":"tag-huvudnyheter","14":"tag-latest-news","15":"tag-latestnews","16":"tag-main-news","17":"tag-mainnews","18":"tag-news","19":"tag-nyheter","20":"tag-rubriker","21":"tag-se","22":"tag-svenska","23":"tag-sverige","24":"tag-sweden","25":"tag-swedish","26":"tag-top-stories","27":"tag-topstories"},"share_on_mastodon":{"url":"https:\/\/pubeurope.com\/@se\/115807821679387792","error":""},"_links":{"self":[{"href":"https:\/\/www.europesays.com\/se\/wp-json\/wp\/v2\/posts\/120666","targetHints":{"allow":["GET"]}}],"collection":[{"href":"https:\/\/www.europesays.com\/se\/wp-json\/wp\/v2\/posts"}],"about":[{"href":"https:\/\/www.europesays.com\/se\/wp-json\/wp\/v2\/types\/post"}],"author":[{"embeddable":true,"href":"https:\/\/www.europesays.com\/se\/wp-json\/wp\/v2\/users\/2"}],"replies":[{"embeddable":true,"href":"https:\/\/www.europesays.com\/se\/wp-json\/wp\/v2\/comments?post=120666"}],"version-history":[{"count":0,"href":"https:\/\/www.europesays.com\/se\/wp-json\/wp\/v2\/posts\/120666\/revisions"}],"wp:featuredmedia":[{"embeddable":true,"href":"https:\/\/www.europesays.com\/se\/wp-json\/wp\/v2\/media\/120497"}],"wp:attachment":[{"href":"https:\/\/www.europesays.com\/se\/wp-json\/wp\/v2\/media?parent=120666"}],"wp:term":[{"taxonomy":"category","embeddable":true,"href":"https:\/\/www.europesays.com\/se\/wp-json\/wp\/v2\/categories?post=120666"},{"taxonomy":"post_tag","embeddable":true,"href":"https:\/\/www.europesays.com\/se\/wp-json\/wp\/v2\/tags?post=120666"}],"curies":[{"name":"wp","href":"https:\/\/api.w.org\/{rel}","templated":true}]}}