{"id":120669,"date":"2025-12-30T09:36:10","date_gmt":"2025-12-30T09:36:10","guid":{"rendered":"https:\/\/www.europesays.com\/se\/120669\/"},"modified":"2025-12-30T09:36:10","modified_gmt":"2025-12-30T09:36:10","slug":"tidningsbud-misshandlat-vagrade-oppna-portdorr","status":"publish","type":"post","link":"https:\/\/www.europesays.com\/se\/120669\/","title":{"rendered":"Tidningsbud misshandlat \u2013 v\u00e4grade \u00f6ppna portd\u00f6rr"},"content":{"rendered":"<p>share-arrowDela<\/p>\n<p>unsaveSpara<\/p>\n<p>expand-left<\/p>\n<p>helsk\u00e4rm<img decoding=\"async\" class=\"image-asset hyperion-css-u06ts1\" data-test-tag=\"image-asset\" src=\"https:\/\/www.europesays.com\/se\/wp-content\/uploads\/2025\/12\/9cc6a076-08bf-473e-804d-5f79dc33f3b4.jpeg\"  alt=\"Ett tidningsbud har misshandlats av tv\u00e5 m\u00e4n n\u00e4r personen v\u00e4grade \u00f6ppna entr\u00e9d\u00f6rren. Arkivbild.\"  loading=\"eager\" fetchpriority=\"high\" style=\"aspect-ratio:1900 \/ 1288\"\/>Ett tidningsbud har misshandlats av tv\u00e5 m\u00e4n n\u00e4r personen v\u00e4grade \u00f6ppna entr\u00e9d\u00f6rren. Arkivbild. Foto: Johan Nilsson\/TT<\/p>\n<p class=\"hyperion-css-1shl3oz\" data-test-tag=\"lead-text\">Ett tidningsbud har misshandlats av tv\u00e5 m\u00e4n i 25-\u00e5rs\u00e5ldern p\u00e5 Hisingen i G\u00f6teborg.<\/p>\n<p class=\"hyperion-css-1v9qo5x\">Misshandeln intr\u00e4ffade strax efter klockan tre natten till tisdagen n\u00e4r tidningsbudet v\u00e4grade sl\u00e4ppa in m\u00e4nnen i en trappuppg\u00e5ng.<\/p>\n<p class=\"hyperion-css-1v9qo5x\">M\u00e4nnen ska i samband med misshandeln ha krossat rutan till entr\u00e9d\u00f6rren, skriver polisen p\u00e5 sin sajt.<\/p>\n<p class=\"hyperion-css-1v9qo5x\">Polisen har gripit de b\u00e5da m\u00e4nnen misst\u00e4nkta f\u00f6r misshandel, skadeg\u00f6relse, v\u00e5ldsamt motst\u00e5nd och hot mot tj\u00e4nsteman.<\/p>\n","protected":false},"excerpt":{"rendered":"share-arrowDela unsaveSpara expand-left helsk\u00e4rmEtt tidningsbud har misshandlats av tv\u00e5 m\u00e4n n\u00e4r personen v\u00e4grade \u00f6ppna entr\u00e9d\u00f6rren. Arkivbild. Foto: Johan&hellip;\n","protected":false},"author":2,"featured_media":120670,"comment_status":"","ping_status":"","sticky":false,"template":"","format":"standard","meta":{"footnotes":""},"categories":[14],"tags":[22,23,26,27,17,21,24,25,28,29,15,16,18,34,31,33,32,30,19,20,51,52,53,54],"class_list":{"0":"post-120669","1":"post","2":"type-post","3":"status-publish","4":"format-standard","5":"has-post-thumbnail","7":"category-varlden","8":"tag-breaking-news","9":"tag-breakingnews","10":"tag-featured-news","11":"tag-featurednews","12":"tag-headlines","13":"tag-huvudnyheter","14":"tag-latest-news","15":"tag-latestnews","16":"tag-main-news","17":"tag-mainnews","18":"tag-news","19":"tag-nyheter","20":"tag-rubriker","21":"tag-se","22":"tag-svenska","23":"tag-sverige","24":"tag-sweden","25":"tag-swedish","26":"tag-top-stories","27":"tag-topstories","28":"tag-varlden","29":"tag-world","30":"tag-world-news","31":"tag-worldnews"},"share_on_mastodon":{"url":"https:\/\/pubeurope.com\/@se\/115807845345343311","error":""},"_links":{"self":[{"href":"https:\/\/www.europesays.com\/se\/wp-json\/wp\/v2\/posts\/120669","targetHints":{"allow":["GET"]}}],"collection":[{"href":"https:\/\/www.europesays.com\/se\/wp-json\/wp\/v2\/posts"}],"about":[{"href":"https:\/\/www.europesays.com\/se\/wp-json\/wp\/v2\/types\/post"}],"author":[{"embeddable":true,"href":"https:\/\/www.europesays.com\/se\/wp-json\/wp\/v2\/users\/2"}],"replies":[{"embeddable":true,"href":"https:\/\/www.europesays.com\/se\/wp-json\/wp\/v2\/comments?post=120669"}],"version-history":[{"count":0,"href":"https:\/\/www.europesays.com\/se\/wp-json\/wp\/v2\/posts\/120669\/revisions"}],"wp:featuredmedia":[{"embeddable":true,"href":"https:\/\/www.europesays.com\/se\/wp-json\/wp\/v2\/media\/120670"}],"wp:attachment":[{"href":"https:\/\/www.europesays.com\/se\/wp-json\/wp\/v2\/media?parent=120669"}],"wp:term":[{"taxonomy":"category","embeddable":true,"href":"https:\/\/www.europesays.com\/se\/wp-json\/wp\/v2\/categories?post=120669"},{"taxonomy":"post_tag","embeddable":true,"href":"https:\/\/www.europesays.com\/se\/wp-json\/wp\/v2\/tags?post=120669"}],"curies":[{"name":"wp","href":"https:\/\/api.w.org\/{rel}","templated":true}]}}