{"id":120671,"date":"2025-12-30T09:37:10","date_gmt":"2025-12-30T09:37:10","guid":{"rendered":"https:\/\/www.europesays.com\/se\/120671\/"},"modified":"2025-12-30T09:37:10","modified_gmt":"2025-12-30T09:37:10","slug":"ta-hand-om-dig-i-nyarstrafiken","status":"publish","type":"post","link":"https:\/\/www.europesays.com\/se\/120671\/","title":{"rendered":"Ta hand om dig i ny\u00e5rstrafiken"},"content":{"rendered":"<p class=\"news-module__article-date\">\nPublicerad: <\/p>\n<p>30 december 2025 10:24\n                        <\/p>\n<p class=\"preamble\">\n                                    Helgtrafik \u00b7<br \/>\n                                Trafik G\u00f6teborg \u00f6nskar gott nytt \u00e5r med en p\u00e5minnelse om att ta det f\u00f6rsiktigt i trafiken om du ska resa under ny\u00e5rshelgen.\n                            <\/p>\n<p>Vi p\u00e5 Trafik G\u00f6teborg vill skicka ett stort tack till dig som f\u00f6ljt oss under \u00e5ret. Genom att h\u00e5lla dig uppdaterad om trafikl\u00e4get i G\u00f6teborg kan du g\u00f6ra kloka val och bidra till att trafiken blir s\u00e4krare och smidigare f\u00f6r alla. S\u00e5 j\u00e4kta inte i ny\u00e5rstrafiken utan planera din resa!<\/p>\n<p>H\u00e4r \u00e4r tipsen du beh\u00f6ver f\u00f6r att h\u00e5lla dig uppdaterad om trafiken under ny\u00e5rs- och trettonhelgen.<\/p>\n<p>Evenemang i centrum p\u00e5verkar ny\u00e5rstrafiken<\/p>\n<p>Den 31 december p\u00e5g\u00e5r Sylvesterloppet i centrala G\u00f6teborg, klockan 12-14.00. Med start och m\u00e5lg\u00e5ng p\u00e5 Heden p\u00e5verkas trafiken i omr\u00e5det p\u00e5 olika s\u00e4tt. Du som k\u00f6r bil, g\u00e5r eller cyklar l\u00e4ngs banstr\u00e4ckningen f\u00e5r r\u00e4kna med l\u00e4ngre restid och vissa fall omledning. Vilka gator som p\u00e5verkas hittar du under rubriken \u201dMer information\u201d.\u00a0<\/p>\n<p>\u00c4ven kollektivtrafiken p\u00e5verkas \u2013 s\u00f6k din resa i appen V\u00e4sttrafik To Go.<\/p>\n<p>Kollektivtrafiken tar dig till sprakande festligheter<\/p>\n<p>En \u00e5terkommande festlighet i G\u00f6teborg \u00e4r GP:s ny\u00e5rsfyrverkeri som skjuts upp fr\u00e5n Norra \u00c4lvstranden klockan 17.00. Det b\u00e4sta s\u00e4ttet att ta dig till n\u00e5gon av stadens utkiksplatser f\u00f6r att se fyrverkeriet \u00e4r att \u00e5ka kollektivt. S\u00e4rskilt om du ska till Hisingen och \u00c4lvstranden. H\u00e4r brukar det ofta k\u00f6ra ihop sig med l\u00e5ngsamtg\u00e5ende trafik och l\u00e5nga k\u00f6er. Men i \u00e5r tar du dig enkelt med nya sp\u00e5rv\u00e4gen och linje 10 och 12, som g\u00e5r \u00e4nda till Lindholmen. <\/p>\n<p>Om du tar bilen, se till att vara ute i god tid och r\u00e4kna med l\u00e4ngre restider p\u00e5 vissa str\u00e4ckor. Kika i Trafiken.nu-appen f\u00f6r att f\u00e5 koll p\u00e5 trafikl\u00e4get.<\/p>\n<p>Andra tider i kollektivtrafiken<\/p>\n<p>Under ny\u00e5rs- och trettonhelgen k\u00f6r kollektivtrafiken lite andra tider. Med appen V\u00e4sttrafik To Go h\u00e5ller du dig enkelt uppdaterad om din resa s\u00e5 att du inte missar n\u00e5gon anslutning. T\u00e4nk p\u00e5 att sn\u00f6 och halka \u00e4ven kan p\u00e5verka kollektivtrafiken med f\u00f6rseningar eller inst\u00e4llda avg\u00e5ngar.<\/p>\n<p>Viktiga tips inf\u00f6r din resa i helgtrafiken<\/p>\n<ul>\n<li>Planera din resa s\u00e5 slipper du j\u00e4kta<\/li>\n<li>H\u00e5ll koll p\u00e5 trafiken \u2013 appen Trafiken.nu h\u00e5ller dig uppdaterad om trafikl\u00e4get och v\u00e4gv\u00e4dret i hela V\u00e4stra G\u00f6taland<\/li>\n<li>Var r\u00e4dd om dig \u2013 spring inte till sp\u00e5rvagnen d\u00e5 det kan vara halt<\/li>\n<li>St\u00e4ll bilen \u2013 k\u00f6r inte bil med alkohol i kroppen och \u00e5k inte med n\u00e5gon som \u00e4r p\u00e5verkad<\/li>\n<li>Se upp f\u00f6r halka \u2013 t\u00e4nk p\u00e5 att alltid h\u00e5lla avst\u00e5nd till medtrafikanter och anpassa hastigheten efter r\u00e5dande v\u00e4glag<\/li>\n<li>Se till att du syns i trafiken \u2013 anv\u00e4nd reflex!<\/li>\n<\/ul>\n<p style=\"text-align: center;\">Gott nytt \u00e5r \u00f6nskar vi p\u00e5 Trafik G\u00f6teborg!<\/p>\n<p>\u00a0<\/p>\n","protected":false},"excerpt":{"rendered":"Publicerad: 30 december 2025 10:24 Helgtrafik \u00b7 Trafik G\u00f6teborg \u00f6nskar gott nytt \u00e5r med en p\u00e5minnelse om att&hellip;\n","protected":false},"author":2,"featured_media":120672,"comment_status":"","ping_status":"","sticky":false,"template":"","format":"standard","meta":{"footnotes":""},"categories":[12],"tags":[22,23,26,27,17,21,24,25,28,29,15,16,18,34,31,33,32,30,19,20],"class_list":{"0":"post-120671","1":"post","2":"type-post","3":"status-publish","4":"format-standard","5":"has-post-thumbnail","7":"category-sverige","8":"tag-breaking-news","9":"tag-breakingnews","10":"tag-featured-news","11":"tag-featurednews","12":"tag-headlines","13":"tag-huvudnyheter","14":"tag-latest-news","15":"tag-latestnews","16":"tag-main-news","17":"tag-mainnews","18":"tag-news","19":"tag-nyheter","20":"tag-rubriker","21":"tag-se","22":"tag-svenska","23":"tag-sverige","24":"tag-sweden","25":"tag-swedish","26":"tag-top-stories","27":"tag-topstories"},"share_on_mastodon":{"url":"https:\/\/pubeurope.com\/@se\/115807849167556962","error":""},"_links":{"self":[{"href":"https:\/\/www.europesays.com\/se\/wp-json\/wp\/v2\/posts\/120671","targetHints":{"allow":["GET"]}}],"collection":[{"href":"https:\/\/www.europesays.com\/se\/wp-json\/wp\/v2\/posts"}],"about":[{"href":"https:\/\/www.europesays.com\/se\/wp-json\/wp\/v2\/types\/post"}],"author":[{"embeddable":true,"href":"https:\/\/www.europesays.com\/se\/wp-json\/wp\/v2\/users\/2"}],"replies":[{"embeddable":true,"href":"https:\/\/www.europesays.com\/se\/wp-json\/wp\/v2\/comments?post=120671"}],"version-history":[{"count":0,"href":"https:\/\/www.europesays.com\/se\/wp-json\/wp\/v2\/posts\/120671\/revisions"}],"wp:featuredmedia":[{"embeddable":true,"href":"https:\/\/www.europesays.com\/se\/wp-json\/wp\/v2\/media\/120672"}],"wp:attachment":[{"href":"https:\/\/www.europesays.com\/se\/wp-json\/wp\/v2\/media?parent=120671"}],"wp:term":[{"taxonomy":"category","embeddable":true,"href":"https:\/\/www.europesays.com\/se\/wp-json\/wp\/v2\/categories?post=120671"},{"taxonomy":"post_tag","embeddable":true,"href":"https:\/\/www.europesays.com\/se\/wp-json\/wp\/v2\/tags?post=120671"}],"curies":[{"name":"wp","href":"https:\/\/api.w.org\/{rel}","templated":true}]}}