{"id":120677,"date":"2025-12-30T09:41:08","date_gmt":"2025-12-30T09:41:08","guid":{"rendered":"https:\/\/www.europesays.com\/se\/120677\/"},"modified":"2025-12-30T09:41:08","modified_gmt":"2025-12-30T09:41:08","slug":"nylins-2025-musikindustrin","status":"publish","type":"post","link":"https:\/\/www.europesays.com\/se\/120677\/","title":{"rendered":"NYLINS 2025 &#8211; Musikindustrin"},"content":{"rendered":"<p><strong>MI:s Lars Nylin tittar tillbaka p\u00e5 musik\u00e5ret 2025 i 4 spaningar inklusive \u00c5rets b\u00f6cker. Sist i inl\u00e4gget finns en best-of-2025-spellista!<\/strong><\/p>\n<p><strong>Spaning 1 \u2013 AI<\/strong><\/p>\n<p>Det g\u00e5r att f\u00f6rdjupa sig i det h\u00e4r \u00e5rets \u00f6verl\u00e4gset st\u00f6rsta \u201dsnackis\u201d, men det g\u00e5r ocks\u00e5 att kort summera det i meningen:<\/p>\n<p>2025 var ordet n\u00e4r fenomenet AI gick fr\u00e5n fortfarande n\u00e5got av science fiction-tech till n\u00e5got som ALLA med den minsta nyfikenhet f\u00f6r musikskapande hade tankar om. Eller anv\u00e4nde. Eller avskydde. Eller varken visste in eller ut om. Det \u00e4r ingen vits att ens f\u00f6rs\u00f6ka f\u00f6rutsp\u00e5 vad som kommer att h\u00e4nda under 2026. Allt f\u00f6r\u00e4ndrades s\u00e5 rasande snabbt under mindre \u00e4n tolv m\u00e5nader 2025. Nu talas det ju redan om sexsiffriga AI-genererade nya sp\u00e5r per dag p\u00e5 tj\u00e4nsterna. H\u00e4pnadsv\u00e4ckande.<\/p>\n<p>Var jag st\u00e5r sj\u00e4lv? Svar: vet inte, inte alls, jag n\u00f6jer mig med att iaktta att avtal kommer p\u00e5 plats medan jag helt privat upplever en skr\u00e4ckblandat fascination och t\u00e4nker i stil: \u201dsicken tur att jag \u00e4r pension\u00e4r och inte beh\u00f6ver bygga ett yrkesliv i musikbranschen utifr\u00e5n detta\u201d. Men likv\u00e4l har det h\u00e4nt att jag g\u00e5tt och r\u00e4fsat och filosoferat: \u201dMmm, t\u00e4nk att l\u00e5ta <strong>Udio<\/strong> eller <strong>Suno<\/strong> g\u00f6ra \u201d<strong>Jean-Michel Jarre<\/strong>-synt\u201d av klassiska p\u00e4rlor, vilken smash det kunde bli!\u201d. Vi \u00e4r alla p\u00e5verkade p\u00e5 ett eller annat s\u00e4tt.<\/p>\n<p><strong>Spaning 2 \u2013 electric guitar<\/strong><\/p>\n<p>Redan i f\u00f6rra \u00e5rets sammanfattning noterade jag glatt att elgitarrerna kommit tillbaks. Och det har bara fortsatt och \u00f6kat under 2025 medan jag entusiastiskt nynnat p\u00e5 Talking Heads l\u00e5t Electric Guitar fr\u00e5n 1979. I \u00e5r beh\u00f6ver jag inte ens g\u00e5 utanf\u00f6r landets gr\u00e4nser f\u00f6r att hitta en hel trend, en v\u00e5g om man s\u00e5 vill. Jag avrundade julhelgen med att se Rasmus Arvidsson och hans oefterlikneliga <strong>Avantgardet<\/strong> p\u00e5 en klubb. Det var lika omtumlande retro-engagerat som n\u00e5gonsin. Avantgardet fr\u00e5n Nybro k\u00e4nns n\u00e4r dom nu fyllt tio \u00e5r som lite av sm\u00e5tt seniora ban\u00e9rf\u00f6rare f\u00f6r en rasande storm av blixtrande gitarrer och melankoliska alls\u00e5ngsv\u00e4nliga texter. Med i bilden finns i olika grad 08-akter som <strong>Hurula, Tarantula Waltz<\/strong> och <strong>Florence Valentin<\/strong>. Men det g\u00e5r lika g\u00e4rna att hitta avstampet l\u00e5ngt mer sentida i G\u00f6teborg, med frontband i<strong> Terra<\/strong> och <strong>Nektar <\/strong>och historia i Herr<strong> Hellstr\u00f6m<\/strong>. Eller i Malm\u00f6\/Ronneby i skepnad av vidunderliga <strong>Svart rid\u00e5.<\/strong> Det sistn\u00e4mnda bandet \u00e4r kanske det av de n\u00e4mnda som har b\u00e4st upplagt f\u00f6r ett riktigt stort genombrott, vi talar de st\u00f6rsta svenska scenerna inklusive sporthallar. Om dom vill.<\/p>\n<p><strong>Spaning 3 \u2013 svensk visa<\/strong><\/p>\n<p>N\u00e5gra har under senare \u00e5r spanat in att svensk visa \u00e4r p\u00e5 v\u00e4g bort. Jag tillh\u00f6r inte dessa. N\u00e5gon som har lite koll p\u00e5 undertecknad kan d\u00e5 mena att jag \u00e4r hemmablind d\u00e5 jag privat jobbar mycket med och av svensk visa i olika former. Jag rabblar d\u00e5 g\u00e4rna namn som: <strong>David Ritschard, Sofia Karlsson, Albin Lee Meldau, Lisa Nilsson, Toni Holgersson, William Sundman S\u00e4\u00e4f, Jonna Rangden, H Self, Ro.t, Maxida M\u00e4rak, Arvid Nero, Ellen Sundberg, Moonica Mac, Simon Superti, Frida \u00d6hrn, Wilma Flood<\/strong> och givetvis ovan n\u00e4mnde <strong>Stefan Sundstr\u00f6m,<\/strong> s\u00e5 f\u00e5r var en sj\u00e4lv sedan bed\u00f6ma om dessa pysslar med visa och om de \u00e4r p\u00e5 v\u00e4g bort. Ni anar mitt svar.<\/p>\n<p><strong>Spaning 4 \u2013 magert \u00e5r f\u00f6r musikb\u00f6cker<\/strong><\/p>\n<p>Efter n\u00e5gra \u00e5r n\u00e4r svenska musikb\u00f6cker till och med g\u00e5tt p\u00e5 export, eller \u00e5tminstone motiverat l\u00e5nga svenska signeringsturn\u00e9er, blev \u00e5r 2025 ett f\u00f6rv\u00e5nansv\u00e4rt magert s\u00e5dant i denna litteraturens subgenre. Men lite h\u00e4nde det, och kombinationen bok och turn\u00e9 fick flera exempel, som spiller in i 2026. Mer om det strax, men f\u00f6rst lite om en musikbok som \u00e5tminstone stundtals blev undantaget som bekr\u00e4ftade regeln.<\/p>\n<p><strong>Iminellas<\/strong> sj\u00e4lvbiografi Jag ska vara drottning h\u00e4r [Norstedts] (medf\u00f6rfattare<strong> Nina W\u00e4h\u00e4<\/strong>) \u00e4r framf\u00f6rallt inledningsvis en rapp, effektiv och personlig skildring av en omst\u00f6rtande resa b\u00e5de geografiskt, m\u00e4nskligt och musikaliskt. Fr\u00e5n ett v\u00e5ldsamt <strong>Somalia<\/strong> via <strong>Kenya<\/strong> till ett <strong>Sverige<\/strong> d\u00e4r hon till sist f\u00e5r ett genombrott som artist, men d\u00e4r omv\u00e4rldens intresse oftare handlar om kusinerna<strong> Yasin<\/strong> och <strong>Cherrie.<\/strong> Bokens f\u00f6rsta del, det som utspelar sig i Afrika, \u00e4r en svenska musikbiografiers motsvarighet till Jag \u00e4r Zlatan. Den andra, om att med ADD-diagnos \u00e4nd\u00e5 f\u00e5 ihop en karri\u00e4r i nordliga Sverige \u00e4r inte fullt s\u00e5 engagerande. Men i slutet, som bland annat handlar om sorgen efter en mamma som gick bort i pandemin, f\u00e5r Jag ska vara drottning h\u00e4r \u00e5ter en brinnande gl\u00f6d.<\/p>\n<p>D\u00e4rmed \u00f6ver till en spaning i spaningen: om kombinationen bok och turn\u00e9. I februari 2026 inleder <strong>Viktor Nor\u00e9n<\/strong> en turn\u00e9 som s\u00e4ger mycket om musikbok\u00e5ret 2025. Men samtidigt \u00e4ven extremt mycket om sakernas tillst\u00e5nd i konsten att sprida sig sj\u00e4lv som mogen artist i dessa dagar.<\/p>\n<p>Den turn\u00e9 som m\u00e5ngsysslaren Nor\u00e9n inleder p\u00e5 Konserthuset i G\u00f6teborg sker kring hans bok Jag g\u00e5r min v\u00e4g [Mondial]. Han g\u00f6r resan ensam med bok och gitarr parallellt med att han agerar <strong>Shakespeare<\/strong> i <strong>Max Martin<\/strong>-f\u00f6rest\u00e4llningen &amp; Julia p\u00e5 Stadsteatern i Stockholm.<\/p>\n<p>Jag har ingen aning om dubbleringen \u00e4r genomt\u00e4nkt eller bara r\u00e5kade bli. Men den illustrerar pricks\u00e4kert en situation n\u00e4r det inte l\u00e4ngre g\u00e5r att hoppas p\u00e5 n\u00e5gon annan f\u00f6r att publiken ska uppt\u00e4cka det man skapat. Vi har inte l\u00e4ngre ett l\u00e4ge d\u00e4r gatekeepers bland skrivande journalister eller artistansvariga p\u00e5 TV eller radio kan f\u00e5 en ny utgivning att tippa \u00f6ver.<\/p>\n<p>Det g\u00e4ller att \u00f6sa p\u00e5 f\u00f6r egen hand \u00f6verallt d\u00e4r det visar sig \u00f6ppningar: sociala medier, helst dygnet runt i en o\u00e4ndlig reel around the fountain, f\u00f6r att citera <strong>The Smiths<\/strong>. Runt h\u00f6rnet v\u00e4ntar med all s\u00e4kerhet \u00e4ven<strong> TikTok-blitz<\/strong> f\u00f6r ocks\u00e5 den h\u00e4r sortens genrer och artister. Men inte minst kreativitet i andra f\u00e4lt \u00e4n musiken hj\u00e4lper till, som att skriva b\u00f6cker.<\/p>\n<p>Och d\u00e4r f\u00e5ngar vi upp den h\u00e4r kr\u00f6nikans t\u00e4nkta tanketr\u00e5d. Den f\u00f6rre Mando Diao-medlemmen Nor\u00e9n har i Jag g\u00e5r min v\u00e4g skapat en av \u00e5rets f\u00e5 \u00f6vriga svenska musikb\u00f6cker i popul\u00e4rsammanhanget v\u00e4rd att lyfta fram. Min favoritkrimif\u00f6rfattare <strong>Pascal Engman<\/strong> har skrivit s\u00e5 precist om boken att jag helt enkelt stj\u00e4l ett citat: \u201dMan b\u00f6rjar ju undra om Viktor Nor\u00e9n egentligen \u00e4r en hel liten fabrik av beg\u00e5vningar f\u00f6rkl\u00e4dd till en person. F\u00f6rst musiken, nu en bok som \u00e4r b\u00e5de hysteriskt rolig, gripande och dessutom briljant skriven. Hatten av.\u201d<\/p>\n<p>Det har ut\u00f6ver Iminella, Nor\u00e9n och n\u00e5gon till kommit s\u00e5 \u00f6verraskande f\u00e5 titlar med substans i den h\u00e4r subgenren i \u00e5r att det rent av uppst\u00e5r l\u00e4ge att assisterat av hurrarop p\u00e5minna om <strong>Niklas Str\u00f6mstedts<\/strong> fina Om [Norstedts] fr\u00e5n 2023 (med pocketupplaga 2024). Inte minst som Str\u00f6mstedt s\u00f6ml\u00f6st faller in i konceptet artist som adderar till sin persona genom att kombinera sj\u00e4lvbiografiska stories ur bok med l\u00e5tar p\u00e5 turn\u00e9. Detta inledde han p\u00e5 Maxim i Stockholm i september 2025 och det fullst\u00e4ndigt kreverar han med under 2026.<\/p>\n<p>Med nystart i V\u00e4rnamo 5 februari blir det mer \u00e4n 60 (!) f\u00f6rest\u00e4llningar av Tyck OM mig. Vi \u00e4r nog \u00e5tskilliga som arbetar med mogna artister som undrat hur det gick till n\u00e4r l\u00e5ten Om blev en rej\u00e4l TikTok-succ\u00e9 under 2025. Om det var ren tur, vilket vissa av oss n\u00e4mnda i \u00e4rlighetens namn t\u00e4nkt, har Str\u00f6mstedt sannerligen f\u00f6rtj\u00e4nat denna.<\/p>\n<p>\u00c4ven den h\u00e4r sliriga spaningens fj\u00e4rde bok tr\u00e4ngs i det nyss t\u00e4nkta konceptet, om \u00e4n med viss hj\u00e4lp av hammare och fog. <strong>Stefan Sundstr\u00f6m<\/strong> har kombinerat b\u00f6cker, musik och \u00e5sikter i \u00f6ver 20 \u00e5r. Men Sj\u00e4lvbiografi 1524-2025 [Polaris] \u00e4r hans f\u00f6rsta fokuserade prosa, och som han lyckas. Sundstr\u00f6m tar i s\u00e5 att hans v\u00e4xthus hemma p\u00e5 Eker\u00f6 utanf\u00f6r Stockholm l\u00e4r huka sig i hans ambition att f\u00e5nga fr\u00e5gan \u201dhur blev jag som jag blev?\u201d<\/p>\n<p>Med hans oefterh\u00e4rmligt chosefria stil f\u00e5r han ihop ber\u00e4ttelsen om sitt egna liv och arv med rader av precisa iakttagelser ur historien. Och det \u00e4r inte ett dugg tungt. Sundstr\u00f6m skriver som han talar. Den som \u00e4lskat hans s\u00e5nger och s\u00e5ngtolkningar kommer att \u00e4lska detta. Och ja, \u00e4ven den olikt\u00e4nkande har saker att hitta. \u00c5tskilliga. Sj\u00e4lvbiografi 1524 \u2013 2015 blir \u00e4nnu ett undantag fr\u00e5n regeln att 2025 var ganska tunns\u00e5tt i bokfloran.<\/p>\n<p>*<\/p>\n<p><strong>MUSIKEN 25<\/strong><\/p>\n<p>S\u00e5 \u00f6ver till det \u00e4nd\u00e5 mest centrala, \u00e5rets l\u00e5tar:<\/p>\n<p>Vid min \u00e5lder \u00e4r det mycket l\u00e4tt att g\u00e5 i barndom och leta starka f\u00e4rska releaser fr\u00e5n namn som alltid varit med en. \u00c4ven i denna \u00f6vning var 2025 ett ganska magert \u00e5r. Det fanns undantag fr\u00e5n mitt formande 1970-tal, som <strong>Van Morrisons<\/strong> magiska lyft med Remembering Now (hans 47:e album!) och <strong>Mavis Staples<\/strong> Sad And Beautiful World, och lite mer ur mitt 1980-tal med spridda starka l\u00e5tar fr\u00e5n <strong>Nick Cave, Paul Weller, Pulp<\/strong> och <strong>Edwyn Collins<\/strong>. Men mest blev det nuet, det blev ovanligt l\u00e4tt att sopa undan b\u00e4ttre f\u00f6rr-reaktioner n\u00e4r namn som <strong>Rosalia, Anna von Hausswolff, Lisa Nilsson<\/strong> och nyheten (f\u00f6r mig) <strong>Madison Cunningham<\/strong> radade upp enorma l\u00e5tar p\u00e5 enorma album.<\/p>\n<p>H\u00e4r ett urval favoriter fr\u00e5n ett \u00e5r som l\u00e5ngt ifr\u00e5n summerades av listdominerande <strong>Taylor Swift<\/strong> och <strong>K-Pop: \u00a0<\/strong><\/p>\n<p><a href=\"https:\/\/open.spotify.com\/playlist\/6nxi65cXQabj5f7qwTBDzw?si=07abae5e2d4c40d5\" rel=\"nofollow noopener\" target=\"_blank\">https:\/\/open.spotify.com\/playlist\/6nxi65cXQabj5f7qwTBDzw?si=07abae5e2d4c40d5<\/a><\/p>\n<p><strong>\u00c5rets live: Th\u00e5str\u00f6m<\/strong>, ett antal g\u00e5nger. Jag \u00e4r inte mycket f\u00f6r \u00e5rg\u00e5ngsviner, men h\u00e4r f\u00e5r klyschan att j\u00e4mf\u00f6ra med \u00e5ldrande druvor tas till. Men det fanns konkurrens,<strong> Avantgardet<\/strong> i en villatr\u00e4dg\u00e5rd p\u00e5 \u00d6land var n\u00e5got \u2026 s\u00e4rskilt! Och kanske \u00e4nnu st\u00f6rre utmanare, <strong>Svart Rid\u00e5<\/strong> p\u00e5 S\u00f6derport i Kalmar, jag kan ana att trions show s\u00e4kert var \u00e4nnu st\u00f6rre p\u00e5 F\u00e5llan i Stockholm, men detta var sannerligen bra nog.<\/p>\n<p><strong>\u00c5rets synk:<\/strong> Task [HBO Max] blev f\u00f6r mig \u00e5rets TV-serie, gripande, st\u00e4ndigt v\u00e4xande, suggestiv. Den inneh\u00f6ll ocks\u00e5 \u00e5rets synk i<strong> Blick Bassys<\/strong> Ngwa, jag f\u00e5r ta till floskeln suggestiv en g\u00e5ng till:<\/p>\n<p><a href=\"https:\/\/open.spotify.com\/track\/0SanXo7WN6ODNgv4hMa6sn?si=ef39181f02d941e3\" rel=\"nofollow noopener\" target=\"_blank\">https:\/\/open.spotify.com\/track\/0SanXo7WN6ODNgv4hMa6sn?si=ef39181f02d941e3<\/a><\/p>\n<p>Gott nytt \u00e5r!<\/p>\n<p>Lars Nylin<\/p>\n<p>\u00a0<\/p>\n<p>\u2014<\/p>\n","protected":false},"excerpt":{"rendered":"MI:s Lars Nylin tittar tillbaka p\u00e5 musik\u00e5ret 2025 i 4 spaningar inklusive \u00c5rets b\u00f6cker. Sist i inl\u00e4gget finns&hellip;\n","protected":false},"author":2,"featured_media":18970,"comment_status":"","ping_status":"","sticky":false,"template":"","format":"standard","meta":{"footnotes":""},"categories":[67],"tags":[104,34,31,33,32,30,105],"class_list":{"0":"post-120677","1":"post","2":"type-post","3":"status-publish","4":"format-standard","5":"has-post-thumbnail","7":"category-underhallning","8":"tag-entertainment","9":"tag-se","10":"tag-svenska","11":"tag-sverige","12":"tag-sweden","13":"tag-swedish","14":"tag-underhallning"},"share_on_mastodon":{"url":"https:\/\/pubeurope.com\/@se\/115807865268520679","error":""},"_links":{"self":[{"href":"https:\/\/www.europesays.com\/se\/wp-json\/wp\/v2\/posts\/120677","targetHints":{"allow":["GET"]}}],"collection":[{"href":"https:\/\/www.europesays.com\/se\/wp-json\/wp\/v2\/posts"}],"about":[{"href":"https:\/\/www.europesays.com\/se\/wp-json\/wp\/v2\/types\/post"}],"author":[{"embeddable":true,"href":"https:\/\/www.europesays.com\/se\/wp-json\/wp\/v2\/users\/2"}],"replies":[{"embeddable":true,"href":"https:\/\/www.europesays.com\/se\/wp-json\/wp\/v2\/comments?post=120677"}],"version-history":[{"count":0,"href":"https:\/\/www.europesays.com\/se\/wp-json\/wp\/v2\/posts\/120677\/revisions"}],"wp:featuredmedia":[{"embeddable":true,"href":"https:\/\/www.europesays.com\/se\/wp-json\/wp\/v2\/media\/18970"}],"wp:attachment":[{"href":"https:\/\/www.europesays.com\/se\/wp-json\/wp\/v2\/media?parent=120677"}],"wp:term":[{"taxonomy":"category","embeddable":true,"href":"https:\/\/www.europesays.com\/se\/wp-json\/wp\/v2\/categories?post=120677"},{"taxonomy":"post_tag","embeddable":true,"href":"https:\/\/www.europesays.com\/se\/wp-json\/wp\/v2\/tags?post=120677"}],"curies":[{"name":"wp","href":"https:\/\/api.w.org\/{rel}","templated":true}]}}