{"id":120680,"date":"2025-12-30T09:44:41","date_gmt":"2025-12-30T09:44:41","guid":{"rendered":"https:\/\/www.europesays.com\/se\/120680\/"},"modified":"2025-12-30T09:44:41","modified_gmt":"2025-12-30T09:44:41","slug":"domedagsmamman-jagas-stack-med-barnen","status":"publish","type":"post","link":"https:\/\/www.europesays.com\/se\/120680\/","title":{"rendered":"\u201dDomedagsmamman\u201d jagas \u2013 stack med barnen"},"content":{"rendered":"<p>Publicerad 30 dec 2025 kl 04.58Uppdaterad kl 06.13<\/p>\n<p>Skolan ringde pappan Kendall Seymour och fr\u00e5gade varf\u00f6r barnen inte dykt upp.<\/p>\n<p>Det visade sig att exfrun tagit dem till Europa \u2013 f\u00f6r att undvika domedagen.<\/p>\n<p>Nu \u00e4r hon och barnen sp\u00e5rl\u00f6st f\u00f6rsvunna.<\/p>\n<p><img   alt=\"\"\/><\/p>\n<p>Elleshia Seymour och Kendall Seymour.<\/p>\n<p>Foto: Gofundme<\/p>\n<p>\u00d6ppna bild i helsk\u00e4rm<img loading=\"lazy\"   alt=\"\"\/><\/p>\n<p>\u00d6vervakningsbilder fr\u00e5n flygplatsen i Salt Lake City visar hur hon g\u00e5r p\u00e5 ett plan.<\/p>\n<p>\u00d6ppna bild i helsk\u00e4rm<\/p>\n<p>Kendall Seymour l\u00e4mnade sina tre barn till skolan i Salt Lake City i slutet av november.<\/p>\n<p>Efter det har han inte sett dem.<\/p>\n<p>L\u00e4mningen skedde under bytet till exfrun Elleshia Seymours, 35, vecka med barnen och det gick flera dagar innan Kendall f\u00f6rstod att n\u00e5got inte stod r\u00e4tt till.<\/p>\n<p>N\u00e4r skolan ringde och undrade varf\u00f6r barnen, 7 till 11 \u00e5r gamla, inte dykt upp f\u00f6rstod han ingenting.<\/p>\n<p>Elleshia Seymour hade d\u00e5 tagit med sig de tre barnen, plus en tre\u00e5ring hon har med en annan man, och satt sig p\u00e5 ett flyg till Kroatien, skriver <a href=\"https:\/\/nypost.com\/2025\/12\/29\/us-news\/utah-mom-elleshia-seymour-who-allegedly-abducted-kids-to-europe-had-secret-tiktok-shocked-ex-hubby-says\/\" rel=\"nofollow noopener\" target=\"_blank\">New York Post<\/a>.<\/p>\n<p>I kvinnans bostad har man hittat ett \u201dvanf\u00f6rst\u00e4llt budskap fr\u00e5n gud\u201d om att hon skulle ta sig till Italien.<\/p>\n<p>Anteckningar visar ocks\u00e5 att hon t\u00e4nkt ut kidnappningen av barnen och flykten i detalj, med bland annat falska resehandlingar f\u00f6r barnen.<\/p>\n<p>Orden p\u00e5 telefon<\/p>\n<p>Den 2 december l\u00e4mnade kvinnan ett r\u00f6stmeddelande till den andra pappan d\u00e4r hon ber\u00e4ttade att hon drog f\u00f6r att \u201dunderg\u00e5ngen \u00e4r n\u00e4ra\u201d och d\u00e4r hon sa att hon var i Frankrike.<\/p>\n<p>Kendall Seymour s\u00e4ger att han under parets \u00e4ktenskap och tiden sedan skilsm\u00e4ssan inte m\u00e4rkt av n\u00e5got tecken alls p\u00e5 hennes tankar om underg\u00e5ngen.<\/p>\n<p>Sedan f\u00f6rsvinnandet har han ocks\u00e5 uppt\u00e4ckt att hon har ett Tiktok-konto d\u00e4r hon pratat om sina tankar om vad som kommer ske.<\/p>\n<p>\u2013 Hon tror att Salt Lake City kommer att f\u00f6rst\u00f6ras och f\u00f6rs\u00f6ker f\u00e5 barnen i s\u00e4kerhet. Mitt enda hopp \u00e4r att hon \u00e4r motiverad av att skydda dem, s\u00e4ger Kendall Seymour till lokala medier.<\/p>\n<p>Nu \u00e4r kvinnan och barnen sp\u00e5rl\u00f6st f\u00f6rsvunna och hon jagas misst\u00e4nkt f\u00f6r flera brott.<\/p>\n","protected":false},"excerpt":{"rendered":"Publicerad 30 dec 2025 kl 04.58Uppdaterad kl 06.13 Skolan ringde pappan Kendall Seymour och fr\u00e5gade varf\u00f6r barnen inte&hellip;\n","protected":false},"author":2,"featured_media":120681,"comment_status":"","ping_status":"","sticky":false,"template":"","format":"standard","meta":{"footnotes":""},"categories":[14],"tags":[22,23,26,27,17,21,24,25,28,29,15,16,18,34,55,31,33,32,30,19,20,51,52,53,54],"class_list":{"0":"post-120680","1":"post","2":"type-post","3":"status-publish","4":"format-standard","5":"has-post-thumbnail","7":"category-varlden","8":"tag-breaking-news","9":"tag-breakingnews","10":"tag-featured-news","11":"tag-featurednews","12":"tag-headlines","13":"tag-huvudnyheter","14":"tag-latest-news","15":"tag-latestnews","16":"tag-main-news","17":"tag-mainnews","18":"tag-news","19":"tag-nyheter","20":"tag-rubriker","21":"tag-se","22":"tag-sections-varlden","23":"tag-svenska","24":"tag-sverige","25":"tag-sweden","26":"tag-swedish","27":"tag-top-stories","28":"tag-topstories","29":"tag-varlden","30":"tag-world","31":"tag-world-news","32":"tag-worldnews"},"share_on_mastodon":{"url":"https:\/\/pubeurope.com\/@se\/115807876754256586","error":""},"_links":{"self":[{"href":"https:\/\/www.europesays.com\/se\/wp-json\/wp\/v2\/posts\/120680","targetHints":{"allow":["GET"]}}],"collection":[{"href":"https:\/\/www.europesays.com\/se\/wp-json\/wp\/v2\/posts"}],"about":[{"href":"https:\/\/www.europesays.com\/se\/wp-json\/wp\/v2\/types\/post"}],"author":[{"embeddable":true,"href":"https:\/\/www.europesays.com\/se\/wp-json\/wp\/v2\/users\/2"}],"replies":[{"embeddable":true,"href":"https:\/\/www.europesays.com\/se\/wp-json\/wp\/v2\/comments?post=120680"}],"version-history":[{"count":0,"href":"https:\/\/www.europesays.com\/se\/wp-json\/wp\/v2\/posts\/120680\/revisions"}],"wp:featuredmedia":[{"embeddable":true,"href":"https:\/\/www.europesays.com\/se\/wp-json\/wp\/v2\/media\/120681"}],"wp:attachment":[{"href":"https:\/\/www.europesays.com\/se\/wp-json\/wp\/v2\/media?parent=120680"}],"wp:term":[{"taxonomy":"category","embeddable":true,"href":"https:\/\/www.europesays.com\/se\/wp-json\/wp\/v2\/categories?post=120680"},{"taxonomy":"post_tag","embeddable":true,"href":"https:\/\/www.europesays.com\/se\/wp-json\/wp\/v2\/tags?post=120680"}],"curies":[{"name":"wp","href":"https:\/\/api.w.org\/{rel}","templated":true}]}}