{"id":120688,"date":"2025-12-30T09:53:13","date_gmt":"2025-12-30T09:53:13","guid":{"rendered":"https:\/\/www.europesays.com\/se\/120688\/"},"modified":"2025-12-30T09:53:13","modified_gmt":"2025-12-30T09:53:13","slug":"30-december-07-00-sammanfattning-natt-vastra-gotalands-lan-polisen-se","status":"publish","type":"post","link":"https:\/\/www.europesays.com\/se\/120688\/","title":{"rendered":"30 december 07.00, Sammanfattning natt, V\u00e4stra G\u00f6talands l\u00e4n &#8211; Polisen.se"},"content":{"rendered":"<ol>\n<li><a href=\"https:\/\/news.google.com\/rss\/articles\/CBMitAFBVV95cUxOeVF4SHZtak1UOHdnTUljaFlwNndzTnFaaEVyS2JDa0Fta1dubW9hTEJHbkl6OE5KR2hwNmRjMk9LLW9vMWFTQ1VBenRkY0hmLVRIUG9rZElQWFduVXEtbXZEZ0FXaENyN3phdmdiRUdzWUdGd3RsZE1aYm0xOEt1Tkd6YTh3WDlHODdjeHNobkxvVFFEN2N6M213ZVlPdnpLcXFIWlczbE82aWhicVQzd3ZpVWE?oc=5\" target=\"_blank\" rel=\"nofollow noopener\">30 december 07.00, Sammanfattning natt, V\u00e4stra G\u00f6talands l\u00e4n<\/a>&nbsp;&nbsp;Polisen.se<\/li>\n<li><a href=\"https:\/\/news.google.com\/rss\/articles\/CBMiigFBVV95cUxNckstR3hydnlaTEVqdW1rWjI5NEt0QmxLVzNPV08zZzVUNHY2cm14aktXbFluWFFUdTV1M2FtN0lmTE5nY05iNGZ1U29kbnZLQlZZRm5tNXdRZWU4Yk5ZbzFSeU0tbVM0WXI2NlRRRnhVdk56a2luc0xlVnlCZklSNFhUN3dCbmE3X0E?oc=5\" target=\"_blank\" rel=\"nofollow noopener\">Tidningsbud misshandlad vid trappuppg\u00e5ng<\/a>&nbsp;&nbsp;Aftonbladet<\/li>\n<li><a href=\"https:\/\/news.google.com\/rss\/articles\/CBMifkFVX3lxTFBuZ29ZZ0tVZ0JuQmVXMXZJWmFYcW11aGVuUUJteTFqc2pVWGdkQV9sMTM1VmtuRWN6cWQwdXphSXZzY01CX0ZRWjdRVXhEUUFqUWhybkFRTGwwRVFQNGJ5ZFEzN0hNNktudU9TMGVoQkNHeTBnUzh2a2hrUHNJQQ?oc=5\" target=\"_blank\" rel=\"nofollow noopener\">Tidningsbud misshandlades \u2013 v\u00e4grade \u00f6ppna portd\u00f6rr<\/a>&nbsp;&nbsp;Omni<\/li>\n<li><a href=\"https:\/\/news.google.com\/rss\/articles\/CBMijgFBVV95cUxOQ2VqREpYM2p0SFZBa3B3RjJhbnpJMXRNcXNVYXNGMVE1VWhtdHBhaEhrNkZ3QUdaSVRuZGhGVzB5eXNEWGNvcjVyTzBRdjhoZjZQaUdxdkdfbTZGMF85bEdRLTJhVU1HRUE5TTZaeGkxYnJqWXFfeWU3N01DeDhoaFUwbFJoQ1hYUGROdndn?oc=5\" target=\"_blank\" rel=\"nofollow noopener\">Tidningsbud misshandlat av tv\u00e5 m\u00e4n<\/a>&nbsp;&nbsp;TV4 Nyheterna<\/li>\n<li><a href=\"https:\/\/news.google.com\/rss\/articles\/CBMihwFBVV95cUxQQWNvcUJjOUdUMHhpTXBVR0NudVNMdVhCelBkbmxSMDBSY0JEMmt4bUdrdzFhX3R3REpidUlxYmUtSmtJM010QlVxVDl6TGtXN3ctNGlIamZhYVBud0xGTnBhNXlvX2N2YUZSLVlDdnJKdkd0MU84M3N3ZHJ2RTNTdm44VC1XY0E?oc=5\" target=\"_blank\" rel=\"nofollow noopener\">Tidningsbud misshandlat \u2013 v\u00e4grade \u00f6ppna portd\u00f6rr<\/a>&nbsp;&nbsp;Expressen<\/li>\n<\/ol>\n","protected":false},"excerpt":{"rendered":"30 december 07.00, Sammanfattning natt, V\u00e4stra G\u00f6talands l\u00e4n&nbsp;&nbsp;Polisen.se Tidningsbud misshandlad vid trappuppg\u00e5ng&nbsp;&nbsp;Aftonbladet Tidningsbud misshandlades \u2013 v\u00e4grade \u00f6ppna portd\u00f6rr&nbsp;&nbsp;Omni&hellip;\n","protected":false},"author":2,"featured_media":54,"comment_status":"","ping_status":"","sticky":false,"template":"","format":"standard","meta":{"footnotes":""},"categories":[12],"tags":[22,23,26,27,17,21,24,25,28,29,15,16,18,34,31,33,32,30,19,20],"class_list":{"0":"post-120688","1":"post","2":"type-post","3":"status-publish","4":"format-standard","5":"has-post-thumbnail","7":"category-sverige","8":"tag-breaking-news","9":"tag-breakingnews","10":"tag-featured-news","11":"tag-featurednews","12":"tag-headlines","13":"tag-huvudnyheter","14":"tag-latest-news","15":"tag-latestnews","16":"tag-main-news","17":"tag-mainnews","18":"tag-news","19":"tag-nyheter","20":"tag-rubriker","21":"tag-se","22":"tag-svenska","23":"tag-sverige","24":"tag-sweden","25":"tag-swedish","26":"tag-top-stories","27":"tag-topstories"},"share_on_mastodon":{"url":"https:\/\/pubeurope.com\/@se\/115807912333500916","error":""},"_links":{"self":[{"href":"https:\/\/www.europesays.com\/se\/wp-json\/wp\/v2\/posts\/120688","targetHints":{"allow":["GET"]}}],"collection":[{"href":"https:\/\/www.europesays.com\/se\/wp-json\/wp\/v2\/posts"}],"about":[{"href":"https:\/\/www.europesays.com\/se\/wp-json\/wp\/v2\/types\/post"}],"author":[{"embeddable":true,"href":"https:\/\/www.europesays.com\/se\/wp-json\/wp\/v2\/users\/2"}],"replies":[{"embeddable":true,"href":"https:\/\/www.europesays.com\/se\/wp-json\/wp\/v2\/comments?post=120688"}],"version-history":[{"count":0,"href":"https:\/\/www.europesays.com\/se\/wp-json\/wp\/v2\/posts\/120688\/revisions"}],"wp:featuredmedia":[{"embeddable":true,"href":"https:\/\/www.europesays.com\/se\/wp-json\/wp\/v2\/media\/54"}],"wp:attachment":[{"href":"https:\/\/www.europesays.com\/se\/wp-json\/wp\/v2\/media?parent=120688"}],"wp:term":[{"taxonomy":"category","embeddable":true,"href":"https:\/\/www.europesays.com\/se\/wp-json\/wp\/v2\/categories?post=120688"},{"taxonomy":"post_tag","embeddable":true,"href":"https:\/\/www.europesays.com\/se\/wp-json\/wp\/v2\/tags?post=120688"}],"curies":[{"name":"wp","href":"https:\/\/api.w.org\/{rel}","templated":true}]}}