{"id":120689,"date":"2025-12-30T09:54:08","date_gmt":"2025-12-30T09:54:08","guid":{"rendered":"https:\/\/www.europesays.com\/se\/120689\/"},"modified":"2025-12-30T09:54:08","modified_gmt":"2025-12-30T09:54:08","slug":"stora-protester-i-iran-nar-rialen-nar-nya-bottennivaer","status":"publish","type":"post","link":"https:\/\/www.europesays.com\/se\/120689\/","title":{"rendered":"Stora protester i Iran n\u00e4r rialen n\u00e5r nya bottenniv\u00e5er"},"content":{"rendered":"<p>            <a href=\"https:\/\/tidningensyre.se\/sektion\/radar\/\" class=\"article__breadcrumb-link article__breadcrumb-link--magenta\" rel=\"nofollow noopener\" target=\"_blank\">Radar<\/a><br \/>\n             \u00b7 Utrikes<\/p>\n<p>\n            Publicerad 18 minuter sedan\n        <\/p>\n<p>\n                    Demonstranter i centrala Teheran, Iran, m\u00e5ndagen den 29 december 2025. Foto: Fars News Agency\/AP\/TT\n            <\/p>\n<p class=\"article__paragraph\">Irans st\u00f6rsta protester p\u00e5 tre \u00e5r br\u00f6t ut i g\u00e5r, m\u00e5ndag, efter att landets valuta fallit till en rekordl\u00e5g niv\u00e5 mot den amerikanska dollarn och chefen f\u00f6r centralbanken, Mohammad Reza Farzin, avg\u00e5tt, rapporterar <a href=\"https:\/\/apnews.com\/article\/iran-traders-protest-rial-currency-ddc955739fb412b642251dee10638f03\" target=\"_blank\" rel=\"noopener nofollow\">AP<\/a>.<\/p>\n<p class=\"article__paragraph\">De kraftiga valutasv\u00e4ngningarna har f\u00f6rsv\u00e5rat handeln med importerade varor n\u00e4r b\u00e5de k\u00f6pare och s\u00e4ljare avvaktar \u2013 vilket har lett till att ett stort antal butiker tillf\u00e4lligt har st\u00e4ngts f\u00f6r att begr\u00e4nsa ekonomiska f\u00f6rluster, skriver <a href=\"https:\/\/www.svt.se\/nyheter\/utrikes\/butiker-halls-stangda-i-teheran-protester-mot-valutakrisen\" target=\"_blank\" rel=\"noopener nofollow\">SVT<\/a> som h\u00e4nvisar till uppgifter fr\u00e5n Irans statliga nyhetsbyr\u00e5 <a href=\"https:\/\/en.irna.ir\/\" target=\"_blank\" rel=\"noopener nofollow\">IRNA<\/a>.<\/p>\n<p class=\"article__paragraph\">Stora protester ska ha h\u00e5llits i huvudstaden Teheran och i andra st\u00f6rre st\u00e4der, d\u00e4ribland Isfahan i centrala Iran, Shiraz i s\u00f6der och Mashhad i nordost. P\u00e5 vissa platser i Teheran sk\u00f6t polisen t\u00e5rgas f\u00f6r att skingra demonstranter, enligt <a href=\"https:\/\/apnews.com\/article\/iran-traders-protest-rial-currency-ddc955739fb412b642251dee10638f03\" data-type=\"link\" data-id=\"https:\/\/apnews.com\/article\/iran-traders-protest-rial-currency-ddc955739fb412b642251dee10638f03\" target=\"_blank\" rel=\"noopener nofollow\">AP<\/a>.<\/p>\n<p class=\"article__paragraph\">P\u00e5 sociala medier kan man h\u00f6ra demonstranterna anv\u00e4nda slagord som \u201ddo not fear, we are united\u201d och \u201dD\u00f6d \u00e5t diktatorn\u201d, enligt <a href=\"https:\/\/www.bbc.com\/persian\/live\/c5yjygzv6zpt?post=asset%3A37832004-44d5-45a6-bd27-c62747f4e544#asset:37832004-44d5-45a6-bd27-c62747f4e544\" target=\"_blank\" rel=\"noopener nofollow\">persiska BBC<\/a>. Ett <a href=\"https:\/\/www.bbc.com\/persian\/live\/c5yjygzv6zpt?post=asset%3A263f6b29-6dfa-4ac2-80bc-8142ed355d37#asset:263f6b29-6dfa-4ac2-80bc-8142ed355d37\" target=\"_blank\" rel=\"noopener nofollow\">videoklipp<\/a> visar att \u00e4ven studenter har anslutit sig till protesterna i Teheran.<\/p>\n<p class=\"article__paragraph\">Irans h\u00f6gsta chef f\u00f6r r\u00e4ttsv\u00e4sendet varnade f\u00f6r h\u00e5rda straff mot demonstranterna, enligt <a href=\"https:\/\/www.aftonbladet.se\/nyheter\/a\/Rr77qd\/aftonbladet-direkt?pinnedEntry=1436609\" target=\"_blank\" rel=\"noopener nofollow\">Aftonbladet<\/a>:<\/p>\n<p class=\"article__paragraph\">\u2013 De som, medvetet eller omedvetet, s\u00e4tter ytterligare press p\u00e5 folket och deras f\u00f6rs\u00f6rjning och i praktiken r\u00f6r sig i riktning mot fiendens m\u00e5l m\u00e5ste varnas, s\u00e4ger han enligt Iran International.<\/p>\n","protected":false},"excerpt":{"rendered":"Radar \u00b7 Utrikes Publicerad 18 minuter sedan Demonstranter i centrala Teheran, Iran, m\u00e5ndagen den 29 december 2025. Foto:&hellip;\n","protected":false},"author":2,"featured_media":120690,"comment_status":"","ping_status":"","sticky":false,"template":"","format":"standard","meta":{"footnotes":""},"categories":[5],"tags":[22,23,26,27,17,21,24,25,28,29,15,16,18,34,31,33,32,30,19,20],"class_list":{"0":"post-120689","1":"post","2":"type-post","3":"status-publish","4":"format-standard","5":"has-post-thumbnail","7":"category-rubriker","8":"tag-breaking-news","9":"tag-breakingnews","10":"tag-featured-news","11":"tag-featurednews","12":"tag-headlines","13":"tag-huvudnyheter","14":"tag-latest-news","15":"tag-latestnews","16":"tag-main-news","17":"tag-mainnews","18":"tag-news","19":"tag-nyheter","20":"tag-rubriker","21":"tag-se","22":"tag-svenska","23":"tag-sverige","24":"tag-sweden","25":"tag-swedish","26":"tag-top-stories","27":"tag-topstories"},"share_on_mastodon":{"url":"https:\/\/pubeurope.com\/@se\/115807916045480742","error":""},"_links":{"self":[{"href":"https:\/\/www.europesays.com\/se\/wp-json\/wp\/v2\/posts\/120689","targetHints":{"allow":["GET"]}}],"collection":[{"href":"https:\/\/www.europesays.com\/se\/wp-json\/wp\/v2\/posts"}],"about":[{"href":"https:\/\/www.europesays.com\/se\/wp-json\/wp\/v2\/types\/post"}],"author":[{"embeddable":true,"href":"https:\/\/www.europesays.com\/se\/wp-json\/wp\/v2\/users\/2"}],"replies":[{"embeddable":true,"href":"https:\/\/www.europesays.com\/se\/wp-json\/wp\/v2\/comments?post=120689"}],"version-history":[{"count":0,"href":"https:\/\/www.europesays.com\/se\/wp-json\/wp\/v2\/posts\/120689\/revisions"}],"wp:featuredmedia":[{"embeddable":true,"href":"https:\/\/www.europesays.com\/se\/wp-json\/wp\/v2\/media\/120690"}],"wp:attachment":[{"href":"https:\/\/www.europesays.com\/se\/wp-json\/wp\/v2\/media?parent=120689"}],"wp:term":[{"taxonomy":"category","embeddable":true,"href":"https:\/\/www.europesays.com\/se\/wp-json\/wp\/v2\/categories?post=120689"},{"taxonomy":"post_tag","embeddable":true,"href":"https:\/\/www.europesays.com\/se\/wp-json\/wp\/v2\/tags?post=120689"}],"curies":[{"name":"wp","href":"https:\/\/api.w.org\/{rel}","templated":true}]}}