{"id":120703,"date":"2025-12-30T10:07:12","date_gmt":"2025-12-30T10:07:12","guid":{"rendered":"https:\/\/www.europesays.com\/se\/120703\/"},"modified":"2025-12-30T10:07:12","modified_gmt":"2025-12-30T10:07:12","slug":"minskat-sug-efter-labubu-dockor-sanker-aktiekursen-2","status":"publish","type":"post","link":"https:\/\/www.europesays.com\/se\/120703\/","title":{"rendered":"Minskat sug efter Labubu-dockor s\u00e4nker aktiekursen"},"content":{"rendered":"<p>Publicerad 30 dec 2025 kl 08.18<\/p>\n<p>Oro f\u00f6r minskat sug efter Labubu-dockor f\u00e5r bolaget Pop Marts aktiekurs att falla kraftigt.\u00a0<\/p>\n<p>Seniorekonomen: \u201dAldrig varit med om ett s\u00e5 dramatiskt \u00e5r\u201d<img loading=\"lazy\"   alt=\"\"\/><\/p>\n<p>En Labubu-docka.<\/p>\n<p>Foto: KOBE LI \/ STELLA PICTURES<\/p>\n<p>\u00d6ppna bild i helsk\u00e4rm<img loading=\"lazy\"   alt=\"\"\/> <\/p>\n<p>Foto: ZAWRZEL\/NURPHOTO\/SHUTTERSTOCK \/ SHUTTERSTOCK EDITORIAL\/IBL<\/p>\n<p>\u00d6ppna bild i helsk\u00e4rm<img loading=\"lazy\"   alt=\"\"\/><\/p>\n<p>Labubu-dockor.<\/p>\n<p>Foto: IMAGO\/IBL<\/p>\n<p>\u00d6ppna bild i helsk\u00e4rm<\/p>\n<p>Rapporter om l\u00e4gre f\u00f6rs\u00e4ljning \u00e4n f\u00f6rv\u00e4ntat i samband med julhelgen liksom prisnedg\u00e5ngar pressar bolagets aktiekurs. Nedg\u00e5ngen p\u00e5 drygt 6 procent p\u00e5 Hongkongb\u00f6rsen \u00e4r den st\u00f6rsta under de tre senaste handelsveckorna och placerar Pop Mart i botten bland bolagen p\u00e5 de ledande asiatiska b\u00f6rserna.\u00a0<\/p>\n<p>Nedg\u00e5ngen inleddes redan i augusti och sedan dess har mer \u00e4n 25 miljarder dollar i b\u00f6rsv\u00e4rde utraderats. Det ska dock s\u00e4ttas i perspektivet att bolagets aktiekurs mer \u00e4n f\u00f6rdubblats sedan \u00e5rsskiftet.\u00a0<\/p>\n","protected":false},"excerpt":{"rendered":"Publicerad 30 dec 2025 kl 08.18 Oro f\u00f6r minskat sug efter Labubu-dockor f\u00e5r bolaget Pop Marts aktiekurs att&hellip;\n","protected":false},"author":2,"featured_media":120704,"comment_status":"","ping_status":"","sticky":false,"template":"","format":"standard","meta":{"footnotes":""},"categories":[65],"tags":[72,70,71,2547,34,31,33,32,30],"class_list":{"0":"post-120703","1":"post","2":"type-post","3":"status-publish","4":"format-standard","5":"has-post-thumbnail","7":"category-ekonomi","8":"tag-business","9":"tag-economy","10":"tag-ekonomi","11":"tag-organization-labubu","12":"tag-se","13":"tag-svenska","14":"tag-sverige","15":"tag-sweden","16":"tag-swedish"},"share_on_mastodon":{"url":"https:\/\/pubeurope.com\/@se\/115807967251387522","error":""},"_links":{"self":[{"href":"https:\/\/www.europesays.com\/se\/wp-json\/wp\/v2\/posts\/120703","targetHints":{"allow":["GET"]}}],"collection":[{"href":"https:\/\/www.europesays.com\/se\/wp-json\/wp\/v2\/posts"}],"about":[{"href":"https:\/\/www.europesays.com\/se\/wp-json\/wp\/v2\/types\/post"}],"author":[{"embeddable":true,"href":"https:\/\/www.europesays.com\/se\/wp-json\/wp\/v2\/users\/2"}],"replies":[{"embeddable":true,"href":"https:\/\/www.europesays.com\/se\/wp-json\/wp\/v2\/comments?post=120703"}],"version-history":[{"count":0,"href":"https:\/\/www.europesays.com\/se\/wp-json\/wp\/v2\/posts\/120703\/revisions"}],"wp:featuredmedia":[{"embeddable":true,"href":"https:\/\/www.europesays.com\/se\/wp-json\/wp\/v2\/media\/120704"}],"wp:attachment":[{"href":"https:\/\/www.europesays.com\/se\/wp-json\/wp\/v2\/media?parent=120703"}],"wp:term":[{"taxonomy":"category","embeddable":true,"href":"https:\/\/www.europesays.com\/se\/wp-json\/wp\/v2\/categories?post=120703"},{"taxonomy":"post_tag","embeddable":true,"href":"https:\/\/www.europesays.com\/se\/wp-json\/wp\/v2\/tags?post=120703"}],"curies":[{"name":"wp","href":"https:\/\/api.w.org\/{rel}","templated":true}]}}