{"id":120705,"date":"2025-12-30T10:08:12","date_gmt":"2025-12-30T10:08:12","guid":{"rendered":"https:\/\/www.europesays.com\/se\/120705\/"},"modified":"2025-12-30T10:08:12","modified_gmt":"2025-12-30T10:08:12","slug":"britterna-vill-se-forsvarspakt-med-europa","status":"publish","type":"post","link":"https:\/\/www.europesays.com\/se\/120705\/","title":{"rendered":"Britterna vill se f\u00f6rsvarspakt med Europa"},"content":{"rendered":"<p><strong>Det har skett<\/strong> dramatiska f\u00f6r\u00e4ndringar i USA:s utrikespolitik under Trump och den \u00f6kande fientligheten mot Europa, inklusive Storbritannien, fr\u00e5n Rysslands president Vladimir Putin.<\/p>\n<p>Totalt 55 procent av de brittiska v\u00e4ljarna vill se en ny f\u00f6rsvarsallians mellan Storbritannien och Europa, utan USA, f\u00f6r att skydda sig mot hotet fr\u00e5n Putin, enligt en opinionsm\u00e4tning fr\u00e5n JL Partners. Endast 11 procent mots\u00e4tter sig detta f\u00f6rslag.<\/p>\n<p>Ett s\u00e5dant steg skulle inneb\u00e4ra en historisk f\u00f6r\u00e4ndring av f\u00f6rsvarspolitiken med l\u00e5ngtg\u00e5ende diplomatiska konsekvenser.<\/p>\n<p><strong>F\u00f6r n\u00e4rvarande bygger<\/strong> f\u00f6rsvaret av Storbritannien och Europa mot hot om angrepp p\u00e5 Nato, som bildades av europeiska l\u00e4nder och USA \u00e5r 1949 i efterdyningarna av andra v\u00e4rldskriget.<\/p>\n","protected":false},"excerpt":{"rendered":"Det har skett dramatiska f\u00f6r\u00e4ndringar i USA:s utrikespolitik under Trump och den \u00f6kande fientligheten mot Europa, inklusive Storbritannien,&hellip;\n","protected":false},"author":2,"featured_media":120706,"comment_status":"","ping_status":"","sticky":false,"template":"","format":"standard","meta":{"footnotes":""},"categories":[14],"tags":[22,23,26,27,17,21,24,25,28,29,15,16,18,34,31,33,32,30,19,20,51,52,53,54],"class_list":{"0":"post-120705","1":"post","2":"type-post","3":"status-publish","4":"format-standard","5":"has-post-thumbnail","7":"category-varlden","8":"tag-breaking-news","9":"tag-breakingnews","10":"tag-featured-news","11":"tag-featurednews","12":"tag-headlines","13":"tag-huvudnyheter","14":"tag-latest-news","15":"tag-latestnews","16":"tag-main-news","17":"tag-mainnews","18":"tag-news","19":"tag-nyheter","20":"tag-rubriker","21":"tag-se","22":"tag-svenska","23":"tag-sverige","24":"tag-sweden","25":"tag-swedish","26":"tag-top-stories","27":"tag-topstories","28":"tag-varlden","29":"tag-world","30":"tag-world-news","31":"tag-worldnews"},"share_on_mastodon":{"url":"https:\/\/pubeurope.com\/@se\/115807971114549299","error":""},"_links":{"self":[{"href":"https:\/\/www.europesays.com\/se\/wp-json\/wp\/v2\/posts\/120705","targetHints":{"allow":["GET"]}}],"collection":[{"href":"https:\/\/www.europesays.com\/se\/wp-json\/wp\/v2\/posts"}],"about":[{"href":"https:\/\/www.europesays.com\/se\/wp-json\/wp\/v2\/types\/post"}],"author":[{"embeddable":true,"href":"https:\/\/www.europesays.com\/se\/wp-json\/wp\/v2\/users\/2"}],"replies":[{"embeddable":true,"href":"https:\/\/www.europesays.com\/se\/wp-json\/wp\/v2\/comments?post=120705"}],"version-history":[{"count":0,"href":"https:\/\/www.europesays.com\/se\/wp-json\/wp\/v2\/posts\/120705\/revisions"}],"wp:featuredmedia":[{"embeddable":true,"href":"https:\/\/www.europesays.com\/se\/wp-json\/wp\/v2\/media\/120706"}],"wp:attachment":[{"href":"https:\/\/www.europesays.com\/se\/wp-json\/wp\/v2\/media?parent=120705"}],"wp:term":[{"taxonomy":"category","embeddable":true,"href":"https:\/\/www.europesays.com\/se\/wp-json\/wp\/v2\/categories?post=120705"},{"taxonomy":"post_tag","embeddable":true,"href":"https:\/\/www.europesays.com\/se\/wp-json\/wp\/v2\/tags?post=120705"}],"curies":[{"name":"wp","href":"https:\/\/api.w.org\/{rel}","templated":true}]}}