{"id":120707,"date":"2025-12-30T10:09:24","date_gmt":"2025-12-30T10:09:24","guid":{"rendered":"https:\/\/www.europesays.com\/se\/120707\/"},"modified":"2025-12-30T10:09:24","modified_gmt":"2025-12-30T10:09:24","slug":"tva-personer-atalas-misstankta-for-grova-bedragerier","status":"publish","type":"post","link":"https:\/\/www.europesays.com\/se\/120707\/","title":{"rendered":"Tv\u00e5 personer \u00e5talas misst\u00e4nkta f\u00f6r grova bedr\u00e4gerier"},"content":{"rendered":"<p class=\"preamble\">&#13;<br \/>\n            Hundratals personer har blivit lurade p\u00e5 miljontals kronor via s\u00e5 kallade SMS-bedr\u00e4gerier. Nu \u00e5talas en man och en kvinna i Bor\u00e5s tingsr\u00e4tt misst\u00e4nkta f\u00f6r nio grova bedr\u00e4gerier.&#13;\n        <\/p>\n<p>Den inledande kontakten har skett via SMS utifr\u00e5n ett callcenter bel\u00e4get i Bor\u00e5s med omnejd. Polismyndigheten har identifierat \u00e5tminstone 476 \u00e4renden och den totala brottsvinsten f\u00f6r dessa \u00e4renden ber\u00e4knas vara cirka 11,5 miljoner kronor.<\/p>\n<p>SMS har skickats ut till hundratals privatpersoner i f\u00f6retr\u00e4delsevis 40 till 50 \u00e5rs \u00e5ldern, flera av dem f\u00f6retagare. I SMSet uppmanas m\u00e5ls\u00e4garna ringa upp ett angivet nummer och det p\u00e5talas ofta en skyndsamhet i responsen.<\/p>\n<p>Efter att manipulerats till att l\u00e5ta sina datorer fj\u00e4rrstyras guidas m\u00e5ls\u00e4garna in p\u00e5 en falsk hemsida d\u00e4r de tror att de g\u00f6r signeringar med sitt Bankid f\u00f6r att reklamera transaktioner, men det som faktiskt h\u00e4nder \u00e4r att det g\u00f6rs transaktioner ut fr\u00e5n deras konton.<\/p>\n<p>Totalt har de drabbade offren i de nio \u00e4rendena blivit av med cirka 1 363 000 kronor, som blivit \u00f6verf\u00f6rda fr\u00e5n deras konton. Den misst\u00e4nkta mannen och kvinnan, som b\u00e5da \u00e4r i 30-\u00e5rs\u00e5ldern, \u00e4r hemmah\u00f6rande i \u00c4lvsborg och \u00e5talas i Bor\u00e5s tingsr\u00e4tt den 30 december 2025 misst\u00e4nka f\u00f6r de nio grova bedr\u00e4gerierna under perioden april till augusti 2025. Ytterligare en person misst\u00e4nks f\u00f6r delaktighet i brotten och \u00e4r h\u00e4ktad i sin utevaro.<\/p>\n<p> \u2013 Telefonbedr\u00e4gerier har under m\u00e5nga \u00e5r varit en brottslighet som p\u00e5verkar stora delar av samh\u00e4llet. L\u00e4gger vi till de brottsvinster som bedragarna kommer \u00f6ver, under 2024 uppskattar vi det till 427 miljoner, som de \u00e5terinvesteras i annan brottslighet f\u00f6rv\u00e4rras bilden ytterligare, s\u00e4ger Emelie Lundell, polisens utredningsledare i \u00e4rendet.<\/p>\n<p>    Mer information<\/p>\n<p>\u00c5klagare Sandra Wetz\u00e9r kan svara p\u00e5 fr\u00e5gor fr\u00e5n media fr\u00e5n kl. 11.00. Kontakta regionala mediecentret p\u00e5 media.vast@polisen.se eller 010-565 29 28.<\/p>\n<p>&#13;<br \/>\n                    <strong>&#13;<br \/>\n                        Publicerad&#13;<br \/>\n                    <\/strong>&#13;<br \/>\n                    &#13;<br \/>\n                        30 december 2025 11.01&#13;<br \/>\n                    &#13;<br \/>\n                    <br \/>&#13;\n            <\/p>\n<p>        &#13;<br \/>\n    &#13;<br \/>\n    &#13;<\/p>\n","protected":false},"excerpt":{"rendered":"&#13; Hundratals personer har blivit lurade p\u00e5 miljontals kronor via s\u00e5 kallade SMS-bedr\u00e4gerier. Nu \u00e5talas en man och&hellip;\n","protected":false},"author":2,"featured_media":54,"comment_status":"","ping_status":"","sticky":false,"template":"","format":"standard","meta":{"footnotes":""},"categories":[12],"tags":[22,23,26,27,17,21,24,25,28,29,15,16,18,34,31,33,32,30,19,20],"class_list":{"0":"post-120707","1":"post","2":"type-post","3":"status-publish","4":"format-standard","5":"has-post-thumbnail","7":"category-sverige","8":"tag-breaking-news","9":"tag-breakingnews","10":"tag-featured-news","11":"tag-featurednews","12":"tag-headlines","13":"tag-huvudnyheter","14":"tag-latest-news","15":"tag-latestnews","16":"tag-main-news","17":"tag-mainnews","18":"tag-news","19":"tag-nyheter","20":"tag-rubriker","21":"tag-se","22":"tag-svenska","23":"tag-sverige","24":"tag-sweden","25":"tag-swedish","26":"tag-top-stories","27":"tag-topstories"},"share_on_mastodon":{"url":"https:\/\/pubeurope.com\/@se\/115807975102260226","error":""},"_links":{"self":[{"href":"https:\/\/www.europesays.com\/se\/wp-json\/wp\/v2\/posts\/120707","targetHints":{"allow":["GET"]}}],"collection":[{"href":"https:\/\/www.europesays.com\/se\/wp-json\/wp\/v2\/posts"}],"about":[{"href":"https:\/\/www.europesays.com\/se\/wp-json\/wp\/v2\/types\/post"}],"author":[{"embeddable":true,"href":"https:\/\/www.europesays.com\/se\/wp-json\/wp\/v2\/users\/2"}],"replies":[{"embeddable":true,"href":"https:\/\/www.europesays.com\/se\/wp-json\/wp\/v2\/comments?post=120707"}],"version-history":[{"count":0,"href":"https:\/\/www.europesays.com\/se\/wp-json\/wp\/v2\/posts\/120707\/revisions"}],"wp:featuredmedia":[{"embeddable":true,"href":"https:\/\/www.europesays.com\/se\/wp-json\/wp\/v2\/media\/54"}],"wp:attachment":[{"href":"https:\/\/www.europesays.com\/se\/wp-json\/wp\/v2\/media?parent=120707"}],"wp:term":[{"taxonomy":"category","embeddable":true,"href":"https:\/\/www.europesays.com\/se\/wp-json\/wp\/v2\/categories?post=120707"},{"taxonomy":"post_tag","embeddable":true,"href":"https:\/\/www.europesays.com\/se\/wp-json\/wp\/v2\/tags?post=120707"}],"curies":[{"name":"wp","href":"https:\/\/api.w.org\/{rel}","templated":true}]}}