{"id":120711,"date":"2025-12-30T10:15:37","date_gmt":"2025-12-30T10:15:37","guid":{"rendered":"https:\/\/www.europesays.com\/se\/120711\/"},"modified":"2025-12-30T10:15:37","modified_gmt":"2025-12-30T10:15:37","slug":"tord-rattar-parlan-fran-kanda-filmen-arbetarbladet","status":"publish","type":"post","link":"https:\/\/www.europesays.com\/se\/120711\/","title":{"rendered":"Tord rattar p\u00e4rlan fr\u00e5n k\u00e4nda filmen \u2013 Arbetarbladet"},"content":{"rendered":"<p>Det finns bilm\u00e4rken som blivit ikoniska tack vare film och tv.<\/p>\n<p>H\u00e4r \u00e4r listan \u00f6ver modellerna med stj\u00e4rnglans som rullar p\u00e5 gatorna i G\u00e4strikland och Norduppland.<\/p>\n<p>I Sandviken finns bland annat en Hudson Hornet, k\u00e4nd fr\u00e5n filmen Bilar, som rattas av Tord Rajala i J\u00e4derfors.<\/p>\n<p>Flera bilar har blivit k\u00e4nda tack vare filmer och tv-serier. N\u00e5gra exempel \u00e4r Marty McFlys tidsresemodifierade Delorean i \u201dTillbaka till framtiden\u201d, Thelma och Louises Ford Thunderbird convertible och Stig Helmers trehjuliga Messerschmitt med f\u00e4llbart tak i \u201dS\u00e4llskapsresan\u201d.<\/p>\n<p>Tekniskt fel<\/p>\n<p class=\"message__text txt-ui txt-ui-2\">V\u00e4nligen f\u00f6rs\u00f6k igen senare.<\/p>\n<p>Den h\u00e4r artikeln \u00e4r bara f\u00f6r prenumeranter<\/p>\n<p class=\"txt-body txt-body-1\">Om du redan \u00e4r prenumerant: logga in!<\/p>\n","protected":false},"excerpt":{"rendered":"Det finns bilm\u00e4rken som blivit ikoniska tack vare film och tv. H\u00e4r \u00e4r listan \u00f6ver modellerna med stj\u00e4rnglans&hellip;\n","protected":false},"author":2,"featured_media":120712,"comment_status":"","ping_status":"","sticky":false,"template":"","format":"standard","meta":{"footnotes":""},"categories":[67],"tags":[104,34,31,33,32,30,105],"class_list":{"0":"post-120711","1":"post","2":"type-post","3":"status-publish","4":"format-standard","5":"has-post-thumbnail","7":"category-underhallning","8":"tag-entertainment","9":"tag-se","10":"tag-svenska","11":"tag-sverige","12":"tag-sweden","13":"tag-swedish","14":"tag-underhallning"},"share_on_mastodon":{"url":"https:\/\/pubeurope.com\/@se\/115807998644490436","error":""},"_links":{"self":[{"href":"https:\/\/www.europesays.com\/se\/wp-json\/wp\/v2\/posts\/120711","targetHints":{"allow":["GET"]}}],"collection":[{"href":"https:\/\/www.europesays.com\/se\/wp-json\/wp\/v2\/posts"}],"about":[{"href":"https:\/\/www.europesays.com\/se\/wp-json\/wp\/v2\/types\/post"}],"author":[{"embeddable":true,"href":"https:\/\/www.europesays.com\/se\/wp-json\/wp\/v2\/users\/2"}],"replies":[{"embeddable":true,"href":"https:\/\/www.europesays.com\/se\/wp-json\/wp\/v2\/comments?post=120711"}],"version-history":[{"count":0,"href":"https:\/\/www.europesays.com\/se\/wp-json\/wp\/v2\/posts\/120711\/revisions"}],"wp:featuredmedia":[{"embeddable":true,"href":"https:\/\/www.europesays.com\/se\/wp-json\/wp\/v2\/media\/120712"}],"wp:attachment":[{"href":"https:\/\/www.europesays.com\/se\/wp-json\/wp\/v2\/media?parent=120711"}],"wp:term":[{"taxonomy":"category","embeddable":true,"href":"https:\/\/www.europesays.com\/se\/wp-json\/wp\/v2\/categories?post=120711"},{"taxonomy":"post_tag","embeddable":true,"href":"https:\/\/www.europesays.com\/se\/wp-json\/wp\/v2\/tags?post=120711"}],"curies":[{"name":"wp","href":"https:\/\/api.w.org\/{rel}","templated":true}]}}