{"id":120715,"date":"2025-12-30T10:19:07","date_gmt":"2025-12-30T10:19:07","guid":{"rendered":"https:\/\/www.europesays.com\/se\/120715\/"},"modified":"2025-12-30T10:19:07","modified_gmt":"2025-12-30T10:19:07","slug":"jag-vill-ha-fel-om-kyrkan-och-skogen","status":"publish","type":"post","link":"https:\/\/www.europesays.com\/se\/120715\/","title":{"rendered":"Jag vill ha fel om kyrkan och skogen"},"content":{"rendered":"<p class=\"kicker \" style=\"\">Debatt<\/p>\n<p>    M\u00e5nga av oss har dr\u00f6mt och hoppats att Svenska kyrkan skulle fatta bindande och tydliga beslut om ett h\u00e5llbart och uth\u00e5lligt skogsbruk.<\/p>\n<p>\n        Debatt\u00f6ren hoppas att Svenska kyrkan ska ta ett h\u00e5llbart ansvar f\u00f6r sina skogar.<br \/>\n        Paul Kleiven\n    <\/p>\n<p>Jag har varit ung och allt \u00e4ldre ledare i Svenska kyrkan i<br \/>\nfemtio \u00e5r. Med tiden har vi m\u00e4nniskor levt alltmer oh\u00e5llbart och nu hotar vi v\u00e5r<br \/>\negen framtid, \u00f6vriga d\u00e4ggdjur och m\u00e5nga andra arter p\u00e5 jorden. F\u00f6r att vara<br \/>\nkyrka m\u00e5ste vi g\u00e5ng p\u00e5 g\u00e5ng h\u00f6ja r\u00f6sten f\u00f6r dem som inte kan f\u00f6rsvara sitt eget<br \/>\nliv. Vi m\u00e5ste ocks\u00e5 ta vara p\u00e5 v\u00e5ra m\u00f6jligheter att i praktisk handling st\u00e5 upp<br \/>\nf\u00f6r livet \u2013 allt f\u00f6r att vara kyrka i Jesu efterf\u00f6ljd.<\/p>\n<p>Och i just denna tid har Gud eller tillvaron gett Svenska<br \/>\nkyrkan en unik m\u00f6jlighet att i konkret handling f\u00f6rsvara livet och framtiden.<br \/>\nVi har anf\u00f6rtrotts stora skogar och markomr\u00e5den att f\u00f6rvalta s\u00e5 h\u00e5llbart och<br \/>\nuth\u00e5lligt som vi bara kan, f\u00f6r livets skull. Och under senare \u00e5r har vi f\u00e5tt allt<br \/>\nst\u00f6rre kunskap om att sk\u00f6tseln och v\u00e5rden m\u00e5ste f\u00f6r\u00e4ndras och f\u00f6rnyas f\u00f6r att<br \/>\ninte \u00f6verg\u00e5 fr\u00e5n bruk till missbruk.<\/p>\n<p>Som kyrka har vi fattat beslut om att utreda hur<br \/>\nf\u00f6r\u00e4ndringen skulle kunna g\u00e5 till. Vi har tillsatt en modig skogsutredning som<br \/>\nhar pekat ut en rad kloka v\u00e4gar att g\u00e5. Och m\u00e5nga av oss har dr\u00f6mt och hoppats<br \/>\natt Svenska kyrkan under 2025 skulle fatta bindande och tydliga beslut om ett<br \/>\nh\u00e5llbart och uth\u00e5lligt skogsbruk.<\/p>\n<p>Nu blev det inte s\u00e5. I st\u00e4llet fattade vi under 2025 beslut<br \/>\nd\u00e4r vi n\u00e4stan inte lovar varandra n\u00e5gonting konkret n\u00e4r det g\u00e4ller v\u00e5r skog. Vi<br \/>\nbeh\u00e5ller m\u00f6jligheten att fatta de viktiga besluten om konkreta \u00e5tg\u00e4rder n\u00e4sta<br \/>\n\u00e5r och n\u00e4sta \u00e5r och n\u00e4sta. Och vi har satt upp n\u00e5gra \u00f6vergripande principer. Men<br \/>\nvi har i stort sett inte lovat n\u00e5gonting konkret. <\/p>\n<p>Jag har m\u00e5nga v\u00e4nner bland dem som fattar besluten p\u00e5 stift<br \/>\noch nationellt. V\u00e4nner som jag \u00e4r van att ha f\u00f6rtroende f\u00f6r. Nu vill de att jag<br \/>\nska se m\u00f6jligheterna i de fina skrivningarna som tagits. Vi har tagit n\u00e5gra<br \/>\nsteg, s\u00e4ger de, och stegen ska f\u00f6ljas av fler. Men n\u00e4r jag inte ser ett enda tydligt<br \/>\nl\u00f6fte i de texter som antagits i \u00e5r, har jag sv\u00e5rt att tro att vi ska vara s\u00e5<br \/>\nv\u00e4ldigt mycket mer tydliga n\u00e4sta \u00e5r.<\/p>\n<p>Nu ska Svenska kyrkans olika stift i mjuk och f\u00f6rtrolig<br \/>\nsamverkan med kyrkostyrelsen visa att de har vilja och f\u00f6rm\u00e5ga att utan bindande<br \/>\nriktlinjer \u00e4nd\u00e5 genomf\u00f6ra mycket av de n\u00f6dv\u00e4ndiga f\u00f6r\u00e4ndringar av den egna<br \/>\nverksamheten som skogsutredningen syftade till. Min erfarenhet av livet s\u00e4ger<br \/>\natt det inte \u00e4r s\u00e5 det brukar bli. Mitt f\u00f6rnuft och min k\u00e4nsla s\u00e4ger mig att<br \/>\ndet inte kommer att h\u00e4nda. <\/p>\n<p>S\u00e5 nu \u00e4r min innerliga b\u00f6n till alla som leder och beslutar<br \/>\nom skogsf\u00f6rvaltning i Svenska kyrkan. K\u00e4raste v\u00e4nner, visa mig att jag har fel.<br \/>\nVisa mig att det h\u00e4r \u00e5ret inte var v\u00e5r sista chans. Visa mig att Svenska kyrkan<br \/>\nvill ta sin unika m\u00f6jlighet att oms\u00e4tta evangeliet i handling och st\u00e5 upp f\u00f6r<br \/>\nlivet genom att bruka sina skogar p\u00e5 ett varierat, v\u00f6rdnadsfullt, v\u00e5rdande och<br \/>\nv\u00e4rdebest\u00e4ndigt s\u00e4tt, f\u00f6r livets skull.<\/p>\n","protected":false},"excerpt":{"rendered":"Debatt M\u00e5nga av oss har dr\u00f6mt och hoppats att Svenska kyrkan skulle fatta bindande och tydliga beslut om&hellip;\n","protected":false},"author":2,"featured_media":120716,"comment_status":"","ping_status":"","sticky":false,"template":"","format":"standard","meta":{"footnotes":""},"categories":[12],"tags":[22,23,26,27,17,21,24,25,28,29,15,16,18,34,31,33,32,30,19,20],"class_list":{"0":"post-120715","1":"post","2":"type-post","3":"status-publish","4":"format-standard","5":"has-post-thumbnail","7":"category-sverige","8":"tag-breaking-news","9":"tag-breakingnews","10":"tag-featured-news","11":"tag-featurednews","12":"tag-headlines","13":"tag-huvudnyheter","14":"tag-latest-news","15":"tag-latestnews","16":"tag-main-news","17":"tag-mainnews","18":"tag-news","19":"tag-nyheter","20":"tag-rubriker","21":"tag-se","22":"tag-svenska","23":"tag-sverige","24":"tag-sweden","25":"tag-swedish","26":"tag-top-stories","27":"tag-topstories"},"share_on_mastodon":{"url":"https:\/\/pubeurope.com\/@se\/115808014386537007","error":""},"_links":{"self":[{"href":"https:\/\/www.europesays.com\/se\/wp-json\/wp\/v2\/posts\/120715","targetHints":{"allow":["GET"]}}],"collection":[{"href":"https:\/\/www.europesays.com\/se\/wp-json\/wp\/v2\/posts"}],"about":[{"href":"https:\/\/www.europesays.com\/se\/wp-json\/wp\/v2\/types\/post"}],"author":[{"embeddable":true,"href":"https:\/\/www.europesays.com\/se\/wp-json\/wp\/v2\/users\/2"}],"replies":[{"embeddable":true,"href":"https:\/\/www.europesays.com\/se\/wp-json\/wp\/v2\/comments?post=120715"}],"version-history":[{"count":0,"href":"https:\/\/www.europesays.com\/se\/wp-json\/wp\/v2\/posts\/120715\/revisions"}],"wp:featuredmedia":[{"embeddable":true,"href":"https:\/\/www.europesays.com\/se\/wp-json\/wp\/v2\/media\/120716"}],"wp:attachment":[{"href":"https:\/\/www.europesays.com\/se\/wp-json\/wp\/v2\/media?parent=120715"}],"wp:term":[{"taxonomy":"category","embeddable":true,"href":"https:\/\/www.europesays.com\/se\/wp-json\/wp\/v2\/categories?post=120715"},{"taxonomy":"post_tag","embeddable":true,"href":"https:\/\/www.europesays.com\/se\/wp-json\/wp\/v2\/tags?post=120715"}],"curies":[{"name":"wp","href":"https:\/\/api.w.org\/{rel}","templated":true}]}}