{"id":120717,"date":"2025-12-30T10:20:24","date_gmt":"2025-12-30T10:20:24","guid":{"rendered":"https:\/\/www.europesays.com\/se\/120717\/"},"modified":"2025-12-30T10:20:24","modified_gmt":"2025-12-30T10:20:24","slug":"anosh-ghasri-iran-kokar-nar-ekonomin-ramnar","status":"publish","type":"post","link":"https:\/\/www.europesays.com\/se\/120717\/","title":{"rendered":"Anosh Ghasri: Iran kokar n\u00e4r ekonomin r\u00e4mnar"},"content":{"rendered":"<p class=\"has-drop-cap\">\u201dFolket tolererar dyrare priser och inflation, men inte bristf\u00e4llig hijab.\u201d S\u00e5 sammanfattade en iransk parlamentsledamot nyligen regimens v\u00e4rldsbild. Ungef\u00e4r samtidigt stod presidenten framf\u00f6r kamerorna och undrade \u2013 med in\u00f6vad f\u00f6rv\u00e5ning \u2013 var pengarna till de l\u00f6neh\u00f6jningar som samma folk kr\u00e4ver egentligen ska komma ifr\u00e5n.<\/p>\n<p>Svaret kom inte fr\u00e5n finansdepartementet, utan marknaden. I g\u00e5r slog dollarn nytt rekord i Iran och passerade 145 000 toman \u2013 motsvarande cirka 320 kronor \u2013 och har orsakat nya protester i Iran. <\/p>\n<p>Irans sj\u00e4lvf\u00f6rv\u00e5llade ekonomiska kris har f\u00f6rv\u00e4rrats avsev\u00e4rt de senaste \u00e5ren. Valutan har stadigt tappat v\u00e4rde i en ekonomi d\u00e4r dollarn b\u00e5de \u00e4r m\u00e5ttstock och livboj. I takt med att dollarn rusat har k\u00f6pkraften, framtidstron och investeringarna f\u00f6rsvunnit. <\/p>\n<p>Hush\u00e5llen har t\u00f6mt sina besparingar, f\u00f6retag har slutat planera och ett redan trasigt samh\u00e4llskontrakt har krackelerat ytterligare. F\u00f6rsvagningen av Irans regionala allierade efter attackerna den 7 oktober 2023, och det tolv dagar l\u00e5nga kriget i somras, har \u00f6kat den politiska os\u00e4kerheten och drivit kapitalflykten till nya h\u00f6jder. Till detta kommer h\u00e5rdare sanktioner kopplade till regimens k\u00e4rnvapenambitioner, vars kostnad konsekvent v\u00e4ltras \u00f6ver p\u00e5 befolkningen.<\/p>\n<p>Statistiken bekr\u00e4ftar m\u00e4nniskors vardag. Enligt Irans statistikmyndighet n\u00e5dde den genomsnittliga inflationen 52,6 procent f\u00f6rra m\u00e5naden. Br\u00f6d och spannm\u00e5l h\u00f6r till de v\u00e4rst drabbade varugrupperna med en inflation p\u00e5 112,7 procent. Inom bostadssektorn har \u00e5rsinflationen n\u00e5tt 35 procent, samtidigt som hyrorna stigit med 33,4 procent. Rent konkret inneb\u00e4r detta tomma kylsk\u00e5p, uppskjutna l\u00e4karbes\u00f6k och st\u00e4ndiga vr\u00e4kningshot. <\/p>\n<p>Tidigare protester handlade om valfusk, sl\u00f6jtv\u00e5ng och politiska r\u00e4ttigheter. I dag \u00e4r den prim\u00e4ra gnistan br\u00f6d, hyra, medicin och l\u00f6ner som inte r\u00e4cker till. D\u00e4rmed f\u00f6rsvinner ocks\u00e5 regimens favoritargument att all opposition \u00e4r elitistisk, urban och v\u00e4stinfluerad. Hunger \u00e4r varken liberal eller sekul\u00e4r, den \u00e4r bara m\u00e4nsklig. <\/p>\n<p>Just d\u00e4rf\u00f6r kan detta missn\u00f6je vara farligare f\u00f6r regimen \u00e4n tidigare protestv\u00e5gor. Den ekonomiska kollapsen g\u00e5r inte att censurera, sl\u00e5 ner med batonger eller f\u00f6rklara som v\u00e4sterl\u00e4ndsk psykologisk krigf\u00f6ring. Den blottar ocks\u00e5 regimens verkliga prioriteringar, d\u00e4r dess miliser i Libanon, Syrien och Jemen v\u00e4ger tyngre \u00e4n en iransk familjs middag. Det \u00e4r d\u00e4rf\u00f6r slagordet \u201dM\u00e5 b\u00e5de Gaza och Libanon offras f\u00f6r Iran\u201d ekar p\u00e5 Irans gator nu.\u00a0<\/p>\n<p>De nya protesterna som redan har spridit sig till storst\u00e4derna sammanfaller med \u00e5rsdagen av \u201dFolkets dag av insikt och lojalitet med ledarskapet\u201d.\u00a0\u00a0Det \u00e4r regimens groteska omskrivning f\u00f6r minnet av massprotesterna 2009 som kv\u00e4vdes efter ett av landets mest uppenbart riggade val, d\u00e5 pr\u00e4sterskapets favorit Mahmoud Ahmadinejad installerades som president. <\/p>\n","protected":false},"excerpt":{"rendered":"\u201dFolket tolererar dyrare priser och inflation, men inte bristf\u00e4llig hijab.\u201d S\u00e5 sammanfattade en iransk parlamentsledamot nyligen regimens v\u00e4rldsbild.&hellip;\n","protected":false},"author":2,"featured_media":120718,"comment_status":"","ping_status":"","sticky":false,"template":"","format":"standard","meta":{"footnotes":""},"categories":[5],"tags":[22,23,12834,2798,26,27,17,21,1530,24,25,28,29,15,16,369,18,34,31,33,32,30,19,20],"class_list":{"0":"post-120717","1":"post","2":"type-post","3":"status-publish","4":"format-standard","5":"has-post-thumbnail","7":"category-rubriker","8":"tag-breaking-news","9":"tag-breakingnews","10":"tag-demonstrationerna-i-iran","11":"tag-dollar","12":"tag-featured-news","13":"tag-featurednews","14":"tag-headlines","15":"tag-huvudnyheter","16":"tag-iran","17":"tag-latest-news","18":"tag-latestnews","19":"tag-main-news","20":"tag-mainnews","21":"tag-news","22":"tag-nyheter","23":"tag-politik","24":"tag-rubriker","25":"tag-se","26":"tag-svenska","27":"tag-sverige","28":"tag-sweden","29":"tag-swedish","30":"tag-top-stories","31":"tag-topstories"},"share_on_mastodon":{"url":"https:\/\/pubeurope.com\/@se\/115808018282303838","error":""},"_links":{"self":[{"href":"https:\/\/www.europesays.com\/se\/wp-json\/wp\/v2\/posts\/120717","targetHints":{"allow":["GET"]}}],"collection":[{"href":"https:\/\/www.europesays.com\/se\/wp-json\/wp\/v2\/posts"}],"about":[{"href":"https:\/\/www.europesays.com\/se\/wp-json\/wp\/v2\/types\/post"}],"author":[{"embeddable":true,"href":"https:\/\/www.europesays.com\/se\/wp-json\/wp\/v2\/users\/2"}],"replies":[{"embeddable":true,"href":"https:\/\/www.europesays.com\/se\/wp-json\/wp\/v2\/comments?post=120717"}],"version-history":[{"count":0,"href":"https:\/\/www.europesays.com\/se\/wp-json\/wp\/v2\/posts\/120717\/revisions"}],"wp:featuredmedia":[{"embeddable":true,"href":"https:\/\/www.europesays.com\/se\/wp-json\/wp\/v2\/media\/120718"}],"wp:attachment":[{"href":"https:\/\/www.europesays.com\/se\/wp-json\/wp\/v2\/media?parent=120717"}],"wp:term":[{"taxonomy":"category","embeddable":true,"href":"https:\/\/www.europesays.com\/se\/wp-json\/wp\/v2\/categories?post=120717"},{"taxonomy":"post_tag","embeddable":true,"href":"https:\/\/www.europesays.com\/se\/wp-json\/wp\/v2\/tags?post=120717"}],"curies":[{"name":"wp","href":"https:\/\/api.w.org\/{rel}","templated":true}]}}