{"id":120721,"date":"2025-12-30T10:25:34","date_gmt":"2025-12-30T10:25:34","guid":{"rendered":"https:\/\/www.europesays.com\/se\/120721\/"},"modified":"2025-12-30T10:25:34","modified_gmt":"2025-12-30T10:25:34","slug":"ilskan-mot-kardashian-gav-bort-fyra-hundar","status":"publish","type":"post","link":"https:\/\/www.europesays.com\/se\/120721\/","title":{"rendered":"Ilskan mot Kardashian\n\u2013 gav bort fyra hundar"},"content":{"rendered":"<p>Publicerad 29 dec 2025 kl 02.01Uppdaterad kl 12.07<\/p>\n<p>Kim Kardashian slog p\u00e5 stort till julen \u2013 och gav sina fyra barn var sin hundvalp.<\/p>\n<p>Det har f\u00e5tt djurr\u00e4ttsorganisationen PETA att ilskna till.<\/p>\n<p>\u2013 Valpar \u00e4r inget gosedjur, s\u00e4ger grundaren till <a href=\"https:\/\/people.com\/kim-kardashian-called-out-by-peta-for-gifting-her-kids-puppies-for-christmas-11876755\" rel=\"nofollow noopener\" target=\"_blank\">People<\/a>.<\/p>\n<p><img   alt=\"\"\/><\/p>\n<p>Kim Kardashian f\u00e5r kritik f\u00f6r sina julklappar<\/p>\n<p>Foto: FULL \/ BACKGRID UK \/ TT \/ TT NYHETSBYR\u00c5N \/ Copyright \u00a9 2025 BACKGRID UK<\/p>\n<p>\u00d6ppna bild i helsk\u00e4rm<\/p>\n<p>Kim Kardashians barn North, 12, Saint, 10, Chicago, 7, och Psalm, 6, fick levande julklappar i \u00e5r.<\/p>\n<p>P\u00e5 Instagram visade realitystj\u00e4rnan upp de fyra pomeranianvalparna som hon skaffat till barnen.<\/p>\n<p>\u201dVarje barn fick en valp\u201d, skriver hon vid en bild p\u00e5 de fyra djuren.<\/p>\n<p>PETA: S\u00e5 kan hon gottg\u00f6ra det<\/p>\n<p>Djur\u00e4ttsorganisationen <a href=\"https:\/\/www.expressen.se\/tagg\/organization\/peta\/\" class=\"\" rel=\"nofollow noopener\" target=\"_blank\">PETA<\/a> tycker inte det var n\u00e5gon bra present till barnen. Grundaren Ingrid Newkirk s\u00e4ger till People att hon tycker Kardashian borde v\u00e4nt sig till ett djurh\u00e4rb\u00e4rge i st\u00e4llet.<\/p>\n<p>\u2013 Valpar \u00e4r inte gosedjur, och det \u00e4r skamligt att Kim missade chansen att bli en talesperson f\u00f6r hundar p\u00e5 h\u00e4rb\u00e4rgen. I st\u00e4llet f\u00e5r hon nu befogat kritik i sociala medier, s\u00e4ger Newkirk till tidningen.<\/p>\n<p>Nu tycker hon att Kardashian borde gottg\u00f6ra saken genom att l\u00e5ta barnen arbeta ideellt p\u00e5 ett lokalt h\u00e4rb\u00e4rge.<\/p>\n<p>Kim Kardashian har haft en rad husdjur genom \u00e5ren och har bland annat visat upp \u00f6dlor och hundar p\u00e5 sociala medier.<\/p>\n<p>\u00c4ven systern Khlo\u00e9 Kardashian visade upp en ny valp p\u00e5 juldagen \u2013 som ocks\u00e5 var en julklapp.<\/p>\n<p>Profilen har inte kommenterat kritiken.<\/p>\n","protected":false},"excerpt":{"rendered":"Publicerad 29 dec 2025 kl 02.01Uppdaterad kl 12.07 Kim Kardashian slog p\u00e5 stort till julen \u2013 och gav&hellip;\n","protected":false},"author":2,"featured_media":120722,"comment_status":"","ping_status":"","sticky":false,"template":"","format":"standard","meta":{"footnotes":""},"categories":[67],"tags":[104,12835,5398,34,31,33,32,30,527,105],"class_list":{"0":"post-120721","1":"post","2":"type-post","3":"status-publish","4":"format-standard","5":"has-post-thumbnail","7":"category-underhallning","8":"tag-entertainment","9":"tag-organization-peta","10":"tag-person-kim-kardshian","11":"tag-se","12":"tag-svenska","13":"tag-sverige","14":"tag-sweden","15":"tag-swedish","16":"tag-topic-djur-natur","17":"tag-underhallning"},"share_on_mastodon":{"url":"https:\/\/pubeurope.com\/@se\/115808037942943981","error":""},"_links":{"self":[{"href":"https:\/\/www.europesays.com\/se\/wp-json\/wp\/v2\/posts\/120721","targetHints":{"allow":["GET"]}}],"collection":[{"href":"https:\/\/www.europesays.com\/se\/wp-json\/wp\/v2\/posts"}],"about":[{"href":"https:\/\/www.europesays.com\/se\/wp-json\/wp\/v2\/types\/post"}],"author":[{"embeddable":true,"href":"https:\/\/www.europesays.com\/se\/wp-json\/wp\/v2\/users\/2"}],"replies":[{"embeddable":true,"href":"https:\/\/www.europesays.com\/se\/wp-json\/wp\/v2\/comments?post=120721"}],"version-history":[{"count":0,"href":"https:\/\/www.europesays.com\/se\/wp-json\/wp\/v2\/posts\/120721\/revisions"}],"wp:featuredmedia":[{"embeddable":true,"href":"https:\/\/www.europesays.com\/se\/wp-json\/wp\/v2\/media\/120722"}],"wp:attachment":[{"href":"https:\/\/www.europesays.com\/se\/wp-json\/wp\/v2\/media?parent=120721"}],"wp:term":[{"taxonomy":"category","embeddable":true,"href":"https:\/\/www.europesays.com\/se\/wp-json\/wp\/v2\/categories?post=120721"},{"taxonomy":"post_tag","embeddable":true,"href":"https:\/\/www.europesays.com\/se\/wp-json\/wp\/v2\/tags?post=120721"}],"curies":[{"name":"wp","href":"https:\/\/api.w.org\/{rel}","templated":true}]}}