{"id":120725,"date":"2025-12-30T10:29:08","date_gmt":"2025-12-30T10:29:08","guid":{"rendered":"https:\/\/www.europesays.com\/se\/120725\/"},"modified":"2025-12-30T10:29:08","modified_gmt":"2025-12-30T10:29:08","slug":"alla-kan-inte-fa-allt-i-sjukvarden-skriver-professorer-vid-prioriteringscentrum","status":"publish","type":"post","link":"https:\/\/www.europesays.com\/se\/120725\/","title":{"rendered":"Alla kan inte f\u00e5 allt i sjukv\u00e5rden, skriver professorer vid Prioriteringscentrum"},"content":{"rendered":"<p>Det h\u00e4r \u00e4r en argumenterande text med syfte att p\u00e5verka. \u00c5sikterna som uttrycks \u00e4r skribentens egna.<\/p>\n<p><strong>Stefan Svensson och <\/strong>Per Landgren varnar i sin debattartikel <a href=\"https:\/\/www.svd.se\/a\/2p16py\" rel=\"nofollow noopener\" target=\"_blank\">\u201dSjukv\u00e5rdens sj\u00e4l f\u00e5r inte utarmas\u201d<\/a> (19 december) f\u00f6r att kostnadseffektivitet, nyttoetik och \u201dkalkyl\u201d h\u00e5ller p\u00e5 att tr\u00e4nga undan m\u00e4nniskov\u00e4rdet i svensk sjukv\u00e5rd. Att v\u00e4rna den etiska plattformen f\u00f6r prioriteringar inom h\u00e4lso- och sjukv\u00e5rden \u00e4r viktigt. Men deras framst\u00e4llning ger samtidigt en f\u00f6renklad och i flera avseenden missvisande bild av b\u00e5de plattformens inneb\u00f6rd och de etiska konflikter den var avsedd att hantera.<\/p>\n","protected":false},"excerpt":{"rendered":"Det h\u00e4r \u00e4r en argumenterande text med syfte att p\u00e5verka. \u00c5sikterna som uttrycks \u00e4r skribentens egna. Stefan Svensson&hellip;\n","protected":false},"author":2,"featured_media":120726,"comment_status":"","ping_status":"","sticky":false,"template":"","format":"standard","meta":{"footnotes":""},"categories":[12],"tags":[22,23,26,27,17,21,24,25,28,29,15,16,18,34,31,33,32,30,19,20],"class_list":{"0":"post-120725","1":"post","2":"type-post","3":"status-publish","4":"format-standard","5":"has-post-thumbnail","7":"category-sverige","8":"tag-breaking-news","9":"tag-breakingnews","10":"tag-featured-news","11":"tag-featurednews","12":"tag-headlines","13":"tag-huvudnyheter","14":"tag-latest-news","15":"tag-latestnews","16":"tag-main-news","17":"tag-mainnews","18":"tag-news","19":"tag-nyheter","20":"tag-rubriker","21":"tag-se","22":"tag-svenska","23":"tag-sverige","24":"tag-sweden","25":"tag-swedish","26":"tag-top-stories","27":"tag-topstories"},"share_on_mastodon":{"url":"https:\/\/pubeurope.com\/@se\/115808053703476080","error":""},"_links":{"self":[{"href":"https:\/\/www.europesays.com\/se\/wp-json\/wp\/v2\/posts\/120725","targetHints":{"allow":["GET"]}}],"collection":[{"href":"https:\/\/www.europesays.com\/se\/wp-json\/wp\/v2\/posts"}],"about":[{"href":"https:\/\/www.europesays.com\/se\/wp-json\/wp\/v2\/types\/post"}],"author":[{"embeddable":true,"href":"https:\/\/www.europesays.com\/se\/wp-json\/wp\/v2\/users\/2"}],"replies":[{"embeddable":true,"href":"https:\/\/www.europesays.com\/se\/wp-json\/wp\/v2\/comments?post=120725"}],"version-history":[{"count":0,"href":"https:\/\/www.europesays.com\/se\/wp-json\/wp\/v2\/posts\/120725\/revisions"}],"wp:featuredmedia":[{"embeddable":true,"href":"https:\/\/www.europesays.com\/se\/wp-json\/wp\/v2\/media\/120726"}],"wp:attachment":[{"href":"https:\/\/www.europesays.com\/se\/wp-json\/wp\/v2\/media?parent=120725"}],"wp:term":[{"taxonomy":"category","embeddable":true,"href":"https:\/\/www.europesays.com\/se\/wp-json\/wp\/v2\/categories?post=120725"},{"taxonomy":"post_tag","embeddable":true,"href":"https:\/\/www.europesays.com\/se\/wp-json\/wp\/v2\/tags?post=120725"}],"curies":[{"name":"wp","href":"https:\/\/api.w.org\/{rel}","templated":true}]}}