{"id":120732,"date":"2025-12-30T10:38:08","date_gmt":"2025-12-30T10:38:08","guid":{"rendered":"https:\/\/www.europesays.com\/se\/120732\/"},"modified":"2025-12-30T10:38:08","modified_gmt":"2025-12-30T10:38:08","slug":"fangelse-och-boter-for-pokemonstolder","status":"publish","type":"post","link":"https:\/\/www.europesays.com\/se\/120732\/","title":{"rendered":"F\u00e4ngelse och b\u00f6ter f\u00f6r Pok\u00e9monst\u00f6lder"},"content":{"rendered":"<p>share-arrowDela<\/p>\n<p>unsaveSpara<\/p>\n<p>expand-left<\/p>\n<p>helsk\u00e4rm<img decoding=\"async\" class=\"image-asset hyperion-css-u06ts1\" data-test-tag=\"image-asset\" src=\"https:\/\/www.europesays.com\/se\/wp-content\/uploads\/2025\/12\/cc69bec3-2d14-4be9-b1ae-3851cc7711ae.jpeg\"  alt=\"Fyra personer d\u00f6ms f\u00f6r st\u00f6lder av Pok\u00e9monkort. Arkivbild.\"  loading=\"eager\" fetchpriority=\"high\" style=\"aspect-ratio:1900 \/ 1264\"\/>Fyra personer d\u00f6ms f\u00f6r st\u00f6lder av Pok\u00e9monkort. Arkivbild. Foto: Henrik Montgomery \/ TT<\/p>\n<p class=\"hyperion-css-1shl3oz\" data-test-tag=\"lead-text\">En man d\u00f6ms till f\u00e4ngelse i ett \u00e5r och sex m\u00e5nader f\u00f6r att ha stulit Pok\u00e9monkort, rapporterar P4 Malm\u00f6hus.<\/p>\n<p class=\"hyperion-css-1v9qo5x\">Tre kvinnor d\u00f6ms f\u00f6r inblandning i st\u00f6lderna. Tv\u00e5 av dem d\u00f6ms till b\u00f6ter, den tredje till skyddstillsyn.<\/p>\n<p class=\"hyperion-css-1v9qo5x\">Ligan specialiserade sig p\u00e5 att g\u00f6ra inbrott i butiker som s\u00e4ljer Pok\u00e9monkort.<\/p>\n<p class=\"hyperion-css-1v9qo5x\">Efter flera inbrott lyckades ligan komma \u00f6ver Pok\u00e9monkort och liknande gods motsvarande ett v\u00e4rde p\u00e5 mer \u00e4n en miljon kronor, har P4 tidigare rapporterat.<\/p>\n<p class=\"hyperion-css-1v9qo5x\">I slutet av juli drabbades en butik i Varberg och en vecka senare en internetbutik med lager i G\u00f6teborg. D\u00e4refter f\u00f6rs\u00f6kte ligan s\u00e4lja korten p\u00e5 Tradera fr\u00e5n en mindre ort i Helsingborg.<\/p>\n<p class=\"hyperion-css-1v9qo5x\">Vid en husrannsakan hittade polisen en stor del av korten p\u00e5 en vind.<\/p>\n","protected":false},"excerpt":{"rendered":"share-arrowDela unsaveSpara expand-left helsk\u00e4rmFyra personer d\u00f6ms f\u00f6r st\u00f6lder av Pok\u00e9monkort. Arkivbild. Foto: Henrik Montgomery \/ TT En man&hellip;\n","protected":false},"author":2,"featured_media":120733,"comment_status":"","ping_status":"","sticky":false,"template":"","format":"standard","meta":{"footnotes":""},"categories":[12],"tags":[22,23,26,27,17,21,24,25,28,29,15,16,18,34,31,33,32,30,19,20],"class_list":{"0":"post-120732","1":"post","2":"type-post","3":"status-publish","4":"format-standard","5":"has-post-thumbnail","7":"category-sverige","8":"tag-breaking-news","9":"tag-breakingnews","10":"tag-featured-news","11":"tag-featurednews","12":"tag-headlines","13":"tag-huvudnyheter","14":"tag-latest-news","15":"tag-latestnews","16":"tag-main-news","17":"tag-mainnews","18":"tag-news","19":"tag-nyheter","20":"tag-rubriker","21":"tag-se","22":"tag-svenska","23":"tag-sverige","24":"tag-sweden","25":"tag-swedish","26":"tag-top-stories","27":"tag-topstories"},"share_on_mastodon":{"url":"https:\/\/pubeurope.com\/@se\/115808089168842485","error":""},"_links":{"self":[{"href":"https:\/\/www.europesays.com\/se\/wp-json\/wp\/v2\/posts\/120732","targetHints":{"allow":["GET"]}}],"collection":[{"href":"https:\/\/www.europesays.com\/se\/wp-json\/wp\/v2\/posts"}],"about":[{"href":"https:\/\/www.europesays.com\/se\/wp-json\/wp\/v2\/types\/post"}],"author":[{"embeddable":true,"href":"https:\/\/www.europesays.com\/se\/wp-json\/wp\/v2\/users\/2"}],"replies":[{"embeddable":true,"href":"https:\/\/www.europesays.com\/se\/wp-json\/wp\/v2\/comments?post=120732"}],"version-history":[{"count":0,"href":"https:\/\/www.europesays.com\/se\/wp-json\/wp\/v2\/posts\/120732\/revisions"}],"wp:featuredmedia":[{"embeddable":true,"href":"https:\/\/www.europesays.com\/se\/wp-json\/wp\/v2\/media\/120733"}],"wp:attachment":[{"href":"https:\/\/www.europesays.com\/se\/wp-json\/wp\/v2\/media?parent=120732"}],"wp:term":[{"taxonomy":"category","embeddable":true,"href":"https:\/\/www.europesays.com\/se\/wp-json\/wp\/v2\/categories?post=120732"},{"taxonomy":"post_tag","embeddable":true,"href":"https:\/\/www.europesays.com\/se\/wp-json\/wp\/v2\/tags?post=120732"}],"curies":[{"name":"wp","href":"https:\/\/api.w.org\/{rel}","templated":true}]}}