{"id":120738,"date":"2025-12-30T10:43:08","date_gmt":"2025-12-30T10:43:08","guid":{"rendered":"https:\/\/www.europesays.com\/se\/120738\/"},"modified":"2025-12-30T10:43:08","modified_gmt":"2025-12-30T10:43:08","slug":"detaljer-om-lg-g6-oled-tv-har-lackt-ut-och-antyder-hogre-ljusstyrka-och-fler-uppgraderingar","status":"publish","type":"post","link":"https:\/\/www.europesays.com\/se\/120738\/","title":{"rendered":"Detaljer om LG G6 OLED TV har l\u00e4ckt ut och antyder h\u00f6gre ljusstyrka och fler uppgraderingar"},"content":{"rendered":"<ul id=\"f146e23f-ff26-45e7-8a91-b0dacd61ef57\">\n<li><strong>LG G6-l\u00e4cka pekar p\u00e5 upp till 3 300 nits i ljusstyrka och en mer antireflexbehandlad sk\u00e4rm<\/strong><\/li>\n<li><strong>V\u00e4ntas komma i samma storlekar, 48 till 97 tum, som G5<\/strong><\/li>\n<li><strong>L\u00e4ckan visar \u00e4ven en W6 \u201dWallpaper\u201d-TV i 77 och 83 tum<\/strong><\/li>\n<\/ul>\n<p id=\"16f6c5d2-c5b0-434a-9b68-df7716f5ab83\">Den kommande 2026-versionen av <a data-analytics-id=\"inline-link\" href=\"https:\/\/global.techradar.com\/sv-se\/tag\/lg\" data-auto-tag-linker=\"true\" data-url=\"https:\/\/global.techradar.com\/sv-se\/tag\/lg\" data-hl-processed=\"none\" data-mrf-recirculation=\"inline-link\" data-before-rewrite-localise=\"https:\/\/global.techradar.com\/sv-se\/tag\/lg\" rel=\"nofollow noopener\" target=\"_blank\">LG<\/a>:s flaggskepp i G-serien, LG G6 <a data-analytics-id=\"inline-link\" href=\"https:\/\/global.techradar.com\/sv-se\/tag\/oled\" data-auto-tag-linker=\"true\" data-url=\"https:\/\/global.techradar.com\/sv-se\/tag\/oled\" data-hl-processed=\"none\" data-mrf-recirculation=\"inline-link\" data-before-rewrite-localise=\"https:\/\/global.techradar.com\/sv-se\/tag\/oled\" rel=\"nofollow noopener\" target=\"_blank\">OLED<\/a> TV, verkar ha l\u00e4ckt inte bara en utan tv\u00e5 g\u00e5nger \u2013 och i samband med l\u00e4ckan syns \u00e4ven vad som ser ut att vara en ny \u201dwallpaper\u201d-TV, LG W6.<\/p>\n<p>Som <a data-analytics-id=\"inline-link\" href=\"https:\/\/videocardz.com\/newz\/lgs-2026-oled-lineup-leaks-g6-gallery-and-w6-wallpaper-details-surface\" target=\"_blank\" data-url=\"https:\/\/videocardz.com\/newz\/lgs-2026-oled-lineup-leaks-g6-gallery-and-w6-wallpaper-details-surface\" referrerpolicy=\"no-referrer-when-downgrade\" data-hl-processed=\"none\" data-mrf-recirculation=\"inline-link\" rel=\"nofollow noopener\">Videocardz<\/a> rapporterar kommer uppgifterna fr\u00e5n tv\u00e5 olika k\u00e4llor. Som alltid med l\u00e4ckor b\u00f6r informationen tas med en viss nypa salt, men materialet ser trov\u00e4rdigt ut, s\u00e4rskilt med tanke p\u00e5 att <a data-analytics-id=\"inline-link\" href=\"https:\/\/www.techradar.com\/televisions\/lg-reveals-micro-rgb-evo-tv-with-bold-claims-of-perfect-color\" target=\"_blank\" data-mrf-recirculation=\"inline-link\" rel=\"nofollow noopener\">LG v\u00e4ntas visa upp ett stort antal nya TV-modeller inom kort<\/a> p\u00e5 CES 2026.<\/p>\n<p>Den f\u00f6rsta modellen som syns i l\u00e4ckan \u00e4r LG G6 Evo AI, som listas med en ny RGB Tandem WOLED-panel enligt <a data-analytics-id=\"inline-link\" href=\"https:\/\/global.techradar.com\/sv-se\/televisions\/lg-presenterar-nasta-generation-av-sin-basta-oled-tv-teknik-och-ett-nytt-namn\" target=\"_blank\" data-url=\"https:\/\/global.techradar.com\/sv-se\/televisions\/lg-presenterar-nasta-generation-av-sin-basta-oled-tv-teknik-och-ett-nytt-namn\" data-hl-processed=\"none\" data-mrf-recirculation=\"inline-link\" data-before-rewrite-localise=\"https:\/\/global.techradar.com\/sv-se\/televisions\/lg-presenterar-nasta-generation-av-sin-basta-oled-tv-teknik-och-ett-nytt-namn\" rel=\"nofollow noopener\">LG:s nya namngivning<\/a>. I det l\u00e4ckta marknadsf\u00f6ringsmaterialet beskrivs TV:n ha \u201dBrightness Booster Ultra\u201d med en p\u00e5st\u00e5dd ljusstyrka p\u00e5 upp till 3,9 g\u00e5nger j\u00e4mf\u00f6rt med en \u201dvanlig OLED-TV (B6)\u201d, samt ett uppdaterat antireflexlager. Enligt materialet ska maximal ljusstyrka n\u00e5 upp till 3 300 nits.<\/p>\n<p>Du kanske gillar<\/p>\n<p class=\"vanilla-image-block\" style=\"padding-top:66.93%;\">\n<p><img decoding=\"async\" src=\"https:\/\/www.europesays.com\/se\/wp-content\/uploads\/2025\/12\/FYGSJn7nPqxeCnonigzV3f.jpg\" alt=\"L&amp;auml;ckt marknadsf&amp;ouml;ringsbild av LG W6.\"   loading=\"lazy\" data-new-v2-image=\"true\" data-original-mos=\"https:\/\/www.europesays.com\/se\/wp-content\/uploads\/2025\/12\/FYGSJn7nPqxeCnonigzV3f.jpg\" data-pin-media=\"https:\/\/www.europesays.com\/se\/wp-content\/uploads\/2025\/12\/FYGSJn7nPqxeCnonigzV3f.jpg\" class=\"inline\"\/>\n<\/p>\n<p>(Image credit: 4Kfilme)<a id=\"elk-acd0b5d3-2f21-45d8-b5c7-1902cca12dcd\" class=\"paywall\" aria-hidden=\"true\" data-url=\"\" href=\"\" target=\"_blank\" referrerpolicy=\"no-referrer-when-downgrade\" data-hl-processed=\"none\"\/>LG G6 OLED och W6 \u2013 detta avsl\u00f6jar l\u00e4ckorna<a id=\"elk-seasonal\" class=\"paywall\" aria-hidden=\"true\" data-url=\"\" href=\"\" target=\"_blank\" referrerpolicy=\"no-referrer-when-downgrade\" data-hl-processed=\"none\"\/><\/p>\n<p id=\"465588b3-e7c6-4a91-806e-e1ca852527cb-0\">Ut\u00f6ver den ljusstarkare panelen listar l\u00e4ckan fler specifikationer f\u00f6r LG G6, inklusive sk\u00e4rmstorlekar p\u00e5 48, 55, 65, 77, 83 och 97 tum, samt en tredje generationens Alpha 11 AI-processor som ska erbjuda 5,6 g\u00e5nger h\u00f6gre neural prestanda \u00e4n den nuvarande versionen.<\/p>\n<p>Precis som tidigare generationer ser G6 ut att kunna bli en av de <a data-analytics-id=\"inline-link\" href=\"https:\/\/global.techradar.com\/sv-se\/best\/test-basta-gaming-tv\" target=\"_blank\" data-url=\"https:\/\/global.techradar.com\/sv-se\/best\/test-basta-gaming-tv\" data-hl-processed=\"none\" data-mrf-recirculation=\"inline-link\" data-before-rewrite-localise=\"https:\/\/global.techradar.com\/sv-se\/best\/test-basta-gaming-tv\" rel=\"nofollow noopener\">b\u00e4sta gaming-TV-apparaterna<\/a> p\u00e5 marknaden, med fyra HDMI 2.1-portar, st\u00f6d f\u00f6r 165 Hz samt <a data-analytics-id=\"inline-link\" href=\"https:\/\/global.techradar.com\/sv-se\/tag\/4k\" data-auto-tag-linker=\"true\" data-url=\"https:\/\/global.techradar.com\/sv-se\/tag\/4k\" data-hl-processed=\"none\" data-mrf-recirculation=\"inline-link\" data-before-rewrite-localise=\"https:\/\/global.techradar.com\/sv-se\/tag\/4k\" rel=\"nofollow noopener\" target=\"_blank\">4K<\/a> upp till 120 Hz f\u00f6r molnbaserade speltj\u00e4nster. Det l\u00e4ckta materialet n\u00e4mner st\u00f6d f\u00f6r en l\u00e5ng rad tekniker och standarder, d\u00e4ribland VRR, ALLM, eARC, QMS och QFT, samt Dolby Vision, Dolby Atmos, Miracast, AirPlay 2 och Chromecast. Operativsystemet anges vara webOS 26 med fem \u00e5rs uppdateringsgaranti.<\/p>\n<p>I materialet syns \u00e4ven en LG OLED Evo AI-TV med modellbeteckningen W6, i storlekarna 77 och 83 tum. Den beskrivs ha \u201dwallpaper design med Zero Connect\u201d och en profil p\u00e5 endast 99 mm, och anv\u00e4nder samma \u201dBrightness Booster Ultra\u201d-teknik och AI-processor som G6.<\/p>\n<p>LG:s Wallpaper OLED-TV-apparater var legendariska bland teknikjournalister f\u00f6r n\u00e5gra \u00e5r sedan. Redan 2017 var W7 OLED endast 2,57 mm tunn och monterades direkt p\u00e5 v\u00e4ggen med magneter, eftersom det inte fanns plats f\u00f6r skruvar. Det var d\u00e5 en <a data-analytics-id=\"inline-link\" href=\"https:\/\/www.techradar.com\/news\/lgs-wallpaper-thin-oled-tv-price-will-thin-out-your-wallet-too\" target=\"_blank\" data-mrf-recirculation=\"inline-link\" rel=\"nofollow noopener\">extremt dyr OLED-showpiece<\/a>.<\/p>\n<p class=\"newsletter-form__strapline\">Registrera dig f\u00f6r senaste nyheter, recensioner, \u00e5sikter, toppteknologiska erbjudanden och mer.<\/p>\n<p>F\u00f6rra \u00e5ret <a data-analytics-id=\"inline-link\" href=\"https:\/\/www.techradar.com\/televisions\/lgs-most-stunning-oled-tv-of-all-time-made-a-surprise-secret-return-at-ces-with-a-wireless-twist\" target=\"_blank\" data-mrf-recirculation=\"inline-link\" rel=\"nofollow noopener\">meddelade LG faktiskt att Wallpaper-serien skulle \u00e5terv\u00e4nda<\/a>, men informationen passerade relativt obem\u00e4rkt och f\u00f6ljdes inte upp i n\u00e5gon st\u00f6rre utstr\u00e4ckning. Att W6 nu n\u00e4mns i l\u00e4ckt marknadsf\u00f6ringsmaterial kan dock tyda p\u00e5 en tydligare satsning under 2026.<\/p>\n<p>Det finns \u00e4ven h\u00e4nvisningar till en LG C6 OLED samt en B6-modell, men i nul\u00e4get saknas fler detaljer om dessa.<\/p>\n<p>Vi r\u00e4knar med att LG officiellt presenterar sina nya OLED-TV-apparater p\u00e5 CES 2026, s\u00e5 h\u00e5ll utkik efter bekr\u00e4ftad information inom kort.<\/p>\n<p id=\"21f22459-1fdc-4875-8d13-6fbcc24036ff\"><strong>L\u00e4s vidare:<\/strong><\/p>\n","protected":false},"excerpt":{"rendered":"LG G6-l\u00e4cka pekar p\u00e5 upp till 3 300 nits i ljusstyrka och en mer antireflexbehandlad sk\u00e4rm V\u00e4ntas komma&hellip;\n","protected":false},"author":2,"featured_media":120739,"comment_status":"","ping_status":"","sticky":false,"template":"","format":"standard","meta":{"footnotes":""},"categories":[66],"tags":[80,78,79,34,31,33,32,30,81,84,83,82],"class_list":{"0":"post-120738","1":"post","2":"type-post","3":"status-publish","4":"format-standard","5":"has-post-thumbnail","7":"category-vetenskap-och-teknik","8":"tag-science","9":"tag-science-and-technology","10":"tag-scienceandtechnology","11":"tag-se","12":"tag-svenska","13":"tag-sverige","14":"tag-sweden","15":"tag-swedish","16":"tag-technology","17":"tag-teknik","18":"tag-vetenskap","19":"tag-vetenskapteknik"},"share_on_mastodon":{"url":"https:\/\/pubeurope.com\/@se\/115808108761738636","error":""},"_links":{"self":[{"href":"https:\/\/www.europesays.com\/se\/wp-json\/wp\/v2\/posts\/120738","targetHints":{"allow":["GET"]}}],"collection":[{"href":"https:\/\/www.europesays.com\/se\/wp-json\/wp\/v2\/posts"}],"about":[{"href":"https:\/\/www.europesays.com\/se\/wp-json\/wp\/v2\/types\/post"}],"author":[{"embeddable":true,"href":"https:\/\/www.europesays.com\/se\/wp-json\/wp\/v2\/users\/2"}],"replies":[{"embeddable":true,"href":"https:\/\/www.europesays.com\/se\/wp-json\/wp\/v2\/comments?post=120738"}],"version-history":[{"count":0,"href":"https:\/\/www.europesays.com\/se\/wp-json\/wp\/v2\/posts\/120738\/revisions"}],"wp:featuredmedia":[{"embeddable":true,"href":"https:\/\/www.europesays.com\/se\/wp-json\/wp\/v2\/media\/120739"}],"wp:attachment":[{"href":"https:\/\/www.europesays.com\/se\/wp-json\/wp\/v2\/media?parent=120738"}],"wp:term":[{"taxonomy":"category","embeddable":true,"href":"https:\/\/www.europesays.com\/se\/wp-json\/wp\/v2\/categories?post=120738"},{"taxonomy":"post_tag","embeddable":true,"href":"https:\/\/www.europesays.com\/se\/wp-json\/wp\/v2\/tags?post=120738"}],"curies":[{"name":"wp","href":"https:\/\/api.w.org\/{rel}","templated":true}]}}