{"id":120742,"date":"2025-12-30T10:46:07","date_gmt":"2025-12-30T10:46:07","guid":{"rendered":"https:\/\/www.europesays.com\/se\/120742\/"},"modified":"2025-12-30T10:46:07","modified_gmt":"2025-12-30T10:46:07","slug":"inget-tak-for-elsparkcyklar-i-uppsala","status":"publish","type":"post","link":"https:\/\/www.europesays.com\/se\/120742\/","title":{"rendered":"Inget tak f\u00f6r elsparkcyklar i Uppsala"},"content":{"rendered":"<p>De ligger i drivor runt resecentrum, far fram \u00f6ver gator och torg och resulterar i hundratals olyckor. S\u00e5 l\u00e5ter ofta kritiken mot elsparkcyklarna i Uppsala, d\u00e4r f\u00f6retagen f\u00e5r forts\u00e4tta att placera ut fler och fler fordon.\u00a0\u2013 I grunden, varf\u00f6r vi har dem och ser dem som en positiv grej, \u00e4r att de anv\u00e4nds. Personer anv\u00e4nder elsparkcyklarna varje dag f\u00f6r att f\u00e5 vardagen a<\/p>\n","protected":false},"excerpt":{"rendered":"De ligger i drivor runt resecentrum, far fram \u00f6ver gator och torg och resulterar i hundratals olyckor. S\u00e5&hellip;\n","protected":false},"author":2,"featured_media":120743,"comment_status":"","ping_status":"","sticky":false,"template":"","format":"standard","meta":{"footnotes":""},"categories":[12],"tags":[22,23,26,27,17,21,24,25,28,29,15,16,18,34,31,33,32,30,19,20],"class_list":{"0":"post-120742","1":"post","2":"type-post","3":"status-publish","4":"format-standard","5":"has-post-thumbnail","7":"category-sverige","8":"tag-breaking-news","9":"tag-breakingnews","10":"tag-featured-news","11":"tag-featurednews","12":"tag-headlines","13":"tag-huvudnyheter","14":"tag-latest-news","15":"tag-latestnews","16":"tag-main-news","17":"tag-mainnews","18":"tag-news","19":"tag-nyheter","20":"tag-rubriker","21":"tag-se","22":"tag-svenska","23":"tag-sverige","24":"tag-sweden","25":"tag-swedish","26":"tag-top-stories","27":"tag-topstories"},"share_on_mastodon":{"url":"https:\/\/pubeurope.com\/@se\/115808120570265195","error":""},"_links":{"self":[{"href":"https:\/\/www.europesays.com\/se\/wp-json\/wp\/v2\/posts\/120742","targetHints":{"allow":["GET"]}}],"collection":[{"href":"https:\/\/www.europesays.com\/se\/wp-json\/wp\/v2\/posts"}],"about":[{"href":"https:\/\/www.europesays.com\/se\/wp-json\/wp\/v2\/types\/post"}],"author":[{"embeddable":true,"href":"https:\/\/www.europesays.com\/se\/wp-json\/wp\/v2\/users\/2"}],"replies":[{"embeddable":true,"href":"https:\/\/www.europesays.com\/se\/wp-json\/wp\/v2\/comments?post=120742"}],"version-history":[{"count":0,"href":"https:\/\/www.europesays.com\/se\/wp-json\/wp\/v2\/posts\/120742\/revisions"}],"wp:featuredmedia":[{"embeddable":true,"href":"https:\/\/www.europesays.com\/se\/wp-json\/wp\/v2\/media\/120743"}],"wp:attachment":[{"href":"https:\/\/www.europesays.com\/se\/wp-json\/wp\/v2\/media?parent=120742"}],"wp:term":[{"taxonomy":"category","embeddable":true,"href":"https:\/\/www.europesays.com\/se\/wp-json\/wp\/v2\/categories?post=120742"},{"taxonomy":"post_tag","embeddable":true,"href":"https:\/\/www.europesays.com\/se\/wp-json\/wp\/v2\/tags?post=120742"}],"curies":[{"name":"wp","href":"https:\/\/api.w.org\/{rel}","templated":true}]}}