{"id":120750,"date":"2025-12-30T10:54:09","date_gmt":"2025-12-30T10:54:09","guid":{"rendered":"https:\/\/www.europesays.com\/se\/120750\/"},"modified":"2025-12-30T10:54:09","modified_gmt":"2025-12-30T10:54:09","slug":"2025-i-sammandrag-en-tillbakablick-fran-svenska-lakaresallskapet","status":"publish","type":"post","link":"https:\/\/www.europesays.com\/se\/120750\/","title":{"rendered":"2025 i sammandrag \u2013 en tillbakablick fr\u00e5n Svenska L\u00e4kares\u00e4llskapet"},"content":{"rendered":"<p>    <img loading=\"lazy\" decoding=\"async\" width=\"150\" height=\"64\" src=\"https:\/\/www.europesays.com\/se\/wp-content\/uploads\/2025\/12\/hemsida-2560-x-1080-px-10.png\"   class=\"img-fluid w-100 h-100\" alt=\"\" data-crop-alias=\"21:9\"\/><\/p>\n<p>        2025-12-29<\/p>\n<p class=\"lead\">Stort tack till alla medlemmar i SLS f\u00f6reningar, n\u00e4mnd, delegationer, kommitt\u00e9er och arbetsgrupper som under 2025 bidragit till arbetet f\u00f6r b\u00e4sta m\u00f6jliga h\u00e4lsa f\u00f6r alla. Vi ser fram emot fortsatt samarbete under 2026. Vi summerar 2025 genom att lyfta ett urval av nyheter som g\u00e5tt ut fr\u00e5n SLS under \u00e5ret.<\/p>\n<p>Uttalande<\/p>\n<p>Eng\u00e5ngsinsatser f\u00f6r kortare k\u00f6er riskerar undantr\u00e4ngning i v\u00e5rden<\/p>\n<p>I januari lyfte SLS risken med kortsiktiga satsningar f\u00f6r att minska v\u00e5rdk\u00f6er: om insatserna inte \u00e4r l\u00e5ngsiktiga och strukturella kan de leda till undantr\u00e4ngning och o\u00f6nskade effekter i v\u00e5rden.<\/p>\n<p><a rel=\"noopener nofollow\" href=\"https:\/\/www.sls.se\/sls\/aktuellt\/nyheter\/engangsinsatser-for-att-korta-koer-riskerar-undantrangningar-i-varden\" target=\"_blank\" title=\"Eng\u00e5ngsinsatser f\u00f6r att korta k\u00f6er riskerar undantr\u00e4ngningar i v\u00e5rden\" class=\"btn btn-outline-dark\">L\u00e4s mer<\/a><\/p>\n<p>Lansering<\/p>\n<p>Kloka Kliniska Val \u2013 verktyg och startkit lanseras<\/p>\n<p>I februari tog SLS n\u00e4sta stora steg i arbetet med Kloka Kliniska Val genom lansering av kampanjsida, film och ett omfattande startkit med material f\u00f6r b\u00e5de profession och patienter.<\/p>\n<p><a rel=\"noopener nofollow\" href=\"https:\/\/www.sls.se\/sls\/aktuellt\/nyheter\/mer-sjukvard-ar-inte-alltid-battre\" target=\"_blank\" title=\"Mer sjukv\u00e5rd \u00e4r inte alltid b\u00e4ttre\" class=\"btn btn-outline-dark\">L\u00e4s mer<\/a><\/p>\n<p>Remissvar<\/p>\n<p>SLS varnar: F\u00f6r\u00e4ndrat h\u00f6gkostnadsskydd kan sl\u00e5 h\u00e5rt mot utsatta grupper<\/p>\n<p>SLS varnade f\u00f6r att f\u00f6r\u00e4ndringar i h\u00f6gkostnadsskyddet riskerar att drabba personer med sm\u00e5 marginaler och behov av kontinuerlig l\u00e4kemedelsbehandling.<\/p>\n<p><a rel=\"noopener nofollow\" href=\"https:\/\/www.sls.se\/sls\/aktuellt\/nyheter\/forandrat-hogkostnadsskydd-kan-sla-hart-mot-utsatta-grupper\" target=\"_blank\" title=\"F\u00f6r\u00e4ndrat h\u00f6gkostnadsskydd kan sl\u00e5 h\u00e5rt mot utsatta grupper\" class=\"btn btn-outline-dark\">L\u00e4s mer<\/a><\/p>\n<p>Lansering<\/p>\n<p>Alkoholfri operation \u2013 f\u00f6r minskad komplikationsrisk och \u00f6kad patients\u00e4kerhet<\/p>\n<p>Ett annat tydligt patients\u00e4kerhetsfokus under februari var filmen Alkoholfri operation fr\u00e5n SLS Levnadsvaneprojekt, med syfte att minska komplikationer och st\u00e4rka s\u00e4kerheten vid kirurgi.<\/p>\n<p><a rel=\"noopener nofollow\" href=\"https:\/\/www.sls.se\/sls\/aktuellt\/nyheter\/informationsfilm-om-alkoholfri-operation\" target=\"_blank\" title=\"Informationsfilm om alkoholfri operation\" class=\"btn btn-outline-dark\">L\u00e4s mer<\/a><\/p>\n<p>Lansering<\/p>\n<p>Etiska riktlinjer 2025: palliativ sedering i livets slutskede<\/p>\n<p class=\"pf0\">I april publicerades uppdaterade etiska riktlinjer. De nya riktlinjerna ger v\u00e4gledning till beslutsfattande l\u00e4kare, \u00f6vrig v\u00e5rdpersonal, patienter och allm\u00e4nheten. De behandlar begrepp, definitioner, avgr\u00e4nsningar och st\u00e4llningstaganden. Uppdateringen ers\u00e4tter de riktlinjer som delegationen tog fram 2010.<\/p>\n<p><a rel=\"noopener nofollow\" href=\"https:\/\/www.sls.se\/sls\/aktuellt\/nyheter\/uppdaterade-etiska-riktlinjer-for-palliativ-sedering-i-livets-slutskede\" target=\"_blank\" title=\"Uppdaterade etiska riktlinjer f\u00f6r palliativ sedering i livets slutskede\" class=\"btn btn-outline-dark\">L\u00e4s mer<\/a><\/p>\n<p>Lansering<\/p>\n<p>SLS forskningspolicy 2025 lanseras<\/p>\n<p class=\"pf0\">I april lanserades SLS forskningspolicy 2025, med fokus p\u00e5 att st\u00e4rka f\u00f6ruts\u00e4ttningarna f\u00f6r medicinsk forskning i Sverige.<\/p>\n<p><a rel=\"noopener nofollow\" href=\"https:\/\/www.sls.se\/sls\/aktuellt\/nyheter\/sls-lanserar-forskningspolicy-for-att-starka-medicinsk-forskning-i-sverige\" target=\"_blank\" title=\"SLS lanserar forskningspolicy f\u00f6r att st\u00e4rka medicinsk forskning i Sverige\" class=\"btn btn-outline-dark\">L\u00e4s mer<\/a><\/p>\n<p>Tematidning<\/p>\n<p>Tematidning: \u00c4ldre i fokus<\/p>\n<p class=\"pf0\">I maj lanserades tematidningen \u00c4ldre i fokus, med budskapet att v\u00e5rden beh\u00f6ver anpassas efter sina vanligaste patienter.<\/p>\n<p><a rel=\"noopener nofollow\" href=\"https:\/\/www.sls.se\/sls\/aktuellt\/nyheter\/aldre-i-fokus-dags-att-anpassa-varden-efter-dess-vanligaste-patient\" target=\"_blank\" title=\"\u00c4ldre i fokus \u2013 dags att anpassa v\u00e5rden efter dess vanligaste patient\" class=\"btn btn-outline-dark\">L\u00e4s mer<\/a><\/p>\n<p>Remissvar<\/p>\n<p>Pandemiberedskap kr\u00e4ver tydligare etiska ramar och st\u00f6rre fokus p\u00e5 s\u00e5rbara grupper<\/p>\n<p class=\"pf0\">SLS l\u00e4mnade i augusti remissvar om st\u00e4rkt pandemiberedskap och betonade s\u00e4rskilt tydliga etiska ramar och s\u00e5rbara gruppers behov.<\/p>\n<p><a rel=\"noopener nofollow\" href=\"https:\/\/www.sls.se\/sls\/aktuellt\/nyheter\/sls-remissvar-om-pandemiberedskap\" target=\"_blank\" title=\"SLS remissvar om pandemiberedskap\" class=\"btn btn-outline-dark\">L\u00e4s mer<\/a><\/p>\n<p>Lansering<\/p>\n<p>Ny hemsida f\u00f6r SLS lanseras<\/p>\n<p class=\"pf0\">I september lanserades en ny SLS-hemsida (och hemsidesverktyg f\u00f6r f\u00f6reningar), som st\u00e4rker tillg\u00e4nglighet och kommunikation.<\/p>\n<p><a rel=\"noopener nofollow\" href=\"https:\/\/www.sls.se\/hem\" target=\"_blank\" title=\"Hem\" class=\"btn btn-outline-dark\">www.sls.se<\/a><\/p>\n<p>Ministerm\u00f6te<\/p>\n<p>SLS i ministerm\u00f6te om sjukv\u00e5rdsattacker<\/p>\n<p class=\"pf0\">I september tr\u00e4ffade Svenska L\u00e4kares\u00e4llskapet tillsammans med L\u00e4kare Utan Gr\u00e4nser, V\u00e5rdf\u00f6rbundet och Centrum f\u00f6r h\u00e4lsokriser vid Karolinska Institutet utrikesminister Maria Malmer Stenergard och bist\u00e5nds- och utrikeshandelsminister Benjamin Dousa. Syftet med m\u00f6tet var att diskutera attacker mot sjukv\u00e5rd i krig och konflikter.<\/p>\n<p><a rel=\"noopener nofollow\" href=\"https:\/\/www.sls.se\/sls\/aktuellt\/nyheter\/sls-i-ministermote-om-sjukvardsattacker\" target=\"_blank\" title=\"SLS i ministerm\u00f6te om sjukv\u00e5rdsattacker\" class=\"btn btn-outline-dark\">L\u00e4s mer<\/a><\/p>\n<p>Uttalande<\/p>\n<p>Brister i regeringens arbete med Agenda 2030 \u2013 global h\u00e4lsa m\u00e5ste prioriteras<\/p>\n<p class=\"pf0\">SLS lyfte i september att global h\u00e4lsa beh\u00f6ver prioriteras tydligare i arbetet med Agenda 2030.<\/p>\n<p><a rel=\"noopener nofollow\" href=\"https:\/\/www.sls.se\/sls\/aktuellt\/nyheter\/brister-i-regeringens-arbete-med-agenda-2030-global-halsa-maste-prioriteras\" target=\"_blank\" title=\"Brister i regeringens arbete med Agenda 2030 \u2013 global h\u00e4lsa m\u00e5ste prioriteras\" class=\"btn btn-outline-dark\">L\u00e4s mer<\/a><\/p>\n<p>Uttalande<\/p>\n<p>SLS kommenterar budgetpropositionen f\u00f6r 2026<\/p>\n<p class=\"pf0\">SLS kommenterade budgetpropositionen och lyfte behovet av l\u00e5ngsiktighet och uppf\u00f6ljningsbarhet i satsningar p\u00e5 v\u00e5rden..<\/p>\n<p><a rel=\"noopener nofollow\" href=\"https:\/\/www.sls.se\/sls\/aktuellt\/nyheter\/budgetpropositionen-2026\" target=\"_blank\" title=\"Budgetpropositionen 2026\" class=\"btn btn-outline-dark\">L\u00e4s mer<\/a><\/p>\n<p>Uttalande<\/p>\n<p>SLS kommenterar proposition om god och n\u00e4ra v\u00e5rd<\/p>\n<p class=\"pf0\">I oktober kommenterade SLS regeringens proposition om god och n\u00e4ra v\u00e5rd \u2013 en central reformfr\u00e5ga under \u00e5ret.<\/p>\n<p><a rel=\"noopener nofollow\" href=\"https:\/\/www.sls.se\/sls\/aktuellt\/nyheter\/sls-kommenterar-regeringens-proposition-om-god-och-nara-vard\" target=\"_blank\" title=\"SLS kommenterar regeringens proposition om god och n\u00e4ra v\u00e5rd\" class=\"btn btn-outline-dark\">L\u00e4s mer<\/a><\/p>\n<p>Tematidning<\/p>\n<p>Tematidning: Forskning i fokus<\/p>\n<p class=\"pf0\">I oktober lanserades tematidningen Forskning i fokus, som samlar perspektiv p\u00e5 forskningens roll och v\u00e4gen fr\u00e5n kunskap till patientnytta.<\/p>\n<p><a rel=\"noopener nofollow\" href=\"https:\/\/www.sls.se\/sls\/aktuellt\/nyheter\/forskning-i-fokus\" target=\"_blank\" title=\"Forskning i fokus\" class=\"btn btn-outline-dark\">L\u00e4s mer<\/a><\/p>\n<p>\u00c5rets pristagare<\/p>\n<p>Rapport fr\u00e5n SLS \u00c5rsh\u00f6gtid 2025<\/p>\n<p class=\"pf0\">\u00c5rsh\u00f6gtiden genomf\u00f6rdes i oktober och uppm\u00e4rksammade \u00e5rets pristagare och hedersledam\u00f6ter.<\/p>\n<p><a rel=\"noopener nofollow\" href=\"https:\/\/www.sls.se\/sls\/aktuellt\/nyheter\/sls-arshogtid-2025\" target=\"_blank\" title=\"SLS \u00c5rsh\u00f6gtid 2025\" class=\"btn btn-outline-dark\">L\u00e4s mer<\/a><\/p>\n<p>Remissvar<\/p>\n<p>St\u00e4rkt patients\u00e4kerhet och krav p\u00e5 kontinuerlig fortbildning<\/p>\n<p class=\"pf0\">SLS v\u00e4lkomnade\u00a0den statliga utredningens f\u00f6rslag som st\u00e4rker patients\u00e4kerheten och tydligg\u00f6r krav p\u00e5 kontinuerlig fortbildning.<\/p>\n<p><a rel=\"noopener nofollow\" href=\"https:\/\/www.sls.se\/sls\/aktuellt\/nyheter\/sls-valkomnar-forslag-for-starkt-patientsakerhet-och-krav-pa-kontinuerlig-fortbildning\" target=\"_blank\" title=\"SLS v\u00e4lkomnar f\u00f6rslag f\u00f6r st\u00e4rkt patients\u00e4kerhet och krav p\u00e5 kontinuerlig fortbildning\" class=\"btn btn-outline-dark\">L\u00e4s mer<\/a><\/p>\n<p>Remissvar<\/p>\n<p>F\u00f6r\u00e4ndrat huvudmannaskap l\u00f6ser inte v\u00e5rdens utmaningar<\/p>\n<p class=\"pf0\">SLS understr\u00f6k i oktober att ett f\u00f6r\u00e4ndrat huvudmannaskap inte i sig l\u00f6ser v\u00e5rdens grundl\u00e4ggande utmaningar.<\/p>\n<p><a rel=\"noopener nofollow\" href=\"https:\/\/www.sls.se\/sls\/aktuellt\/nyheter\/forandrat-huvudmannaskap-loser-inte-vardens-utmaningar\" target=\"_blank\" title=\"F\u00f6r\u00e4ndrat huvudmannaskap l\u00f6ser inte v\u00e5rdens utmaningar\" class=\"btn btn-outline-dark\">L\u00e4s mer<\/a><\/p>\n<p>Uttalande<\/p>\n<p>Efter \u00e5r av p\u00e5verkansarbete \u2013 regeringen agerar f\u00f6r st\u00e4rkt skydd f\u00f6r beslutsof\u00f6rm\u00f6gna patienter<\/p>\n<p class=\"pf0\">I november kom besked om att regeringen agerar i fr\u00e5gan om beslutsof\u00f6rm\u00f6gna patienters skydd \u2013 ett omr\u00e5de SLS arbetat l\u00e5ngsiktigt med.<\/p>\n<p><a rel=\"noopener nofollow\" href=\"https:\/\/www.sls.se\/sls\/aktuellt\/nyheter\/efter-ar-av-paverkansarbete-regeringen-agerar-for-starkt-skydd-for-beslutsoformogna-patienter\" target=\"_blank\" title=\"Efter \u00e5r av p\u00e5verkansarbete \u2013 regeringen agerar f\u00f6r st\u00e4rkt skydd f\u00f6r beslutsof\u00f6rm\u00f6gna patienter\" class=\"btn btn-outline-dark\">L\u00e4s mer<\/a><\/p>\n<p>SLS programverksamhet <\/p>\n<p>M\u00f6tesplats f\u00f6r kunskap \u00f6ver specialitetsgr\u00e4nserna<\/p>\n<p>Under 2025 har SLS programverksamhet samlat professionen kring n\u00e5gra av v\u00e5rdens mest angel\u00e4gna fr\u00e5gor. \u00c5ret pr\u00e4glades av v\u00e4lbes\u00f6kta webbinarier i samverkan med SLS f\u00f6reningar och fortbildningsdagar som\u00a0<a rel=\"noopener nofollow\" href=\"https:\/\/public.paloma.se\/Clickstat\/Click?l=7ab6424b-6c4a-42ec-9805-154627086dbd&amp;r=893155ec-14ef-4672-a4bc-7a6a0e6a154f\" target=\"_blank\" class=\"link\">eH\u00e4lsodagen<\/a>\u00a0med fokus p\u00e5 generativ AI, journalsystem och h\u00e4lsodata, till\u00a0<a rel=\"noopener nofollow\" href=\"https:\/\/public.paloma.se\/Clickstat\/Click?l=785ed1b9-55a5-448d-b874-1576c6531bc8&amp;r=893155ec-14ef-4672-a4bc-7a6a0e6a154f\" target=\"_blank\" class=\"link\">Etikdagen<\/a>\u00a0d\u00e4r normf\u00f6rskjutningar i samh\u00e4llet stod i centrum.<\/p>\n<p>Program\u00e5ret rymde ocks\u00e5 v\u00e4lbes\u00f6kta Konst- och L\u00e4kekonst f\u00f6rel\u00e4sningar, temakv\u00e4llar med internationella experter som\u00a0<a rel=\"noopener nofollow\" href=\"http:\/\/public.paloma.se\/Clickstat\/Click?l=00565646-868c-4c7e-8580-b3e145a5a826&amp;r=893155ec-14ef-4672-a4bc-7a6a0e6a154f\" target=\"_blank\" class=\"link\">professor Lord Darzi om det brittiska h\u00e4lso- och sjukv\u00e5rdssystemet<\/a>,\u00a0<a rel=\"noopener nofollow\" href=\"https:\/\/public.paloma.se\/Clickstat\/Click?l=045af697-fcba-4e92-b2d1-4b91debff238&amp;r=893155ec-14ef-4672-a4bc-7a6a0e6a154f\" target=\"_blank\" class=\"link\">Rasha Al-Lamee om hj\u00e4rtsjukdomars roll vid multisjuklighet hos \u00e4ldre<\/a>\u00a0samt\u00a0<a rel=\"noopener nofollow\" href=\"https:\/\/public.paloma.se\/Clickstat\/Click?l=81809736-4800-4e72-b2d3-8c714aaeb674&amp;r=893155ec-14ef-4672-a4bc-7a6a0e6a154f\" target=\"_blank\" class=\"link\">Reisa Sperling om alzheimers sjukdom<\/a>.<\/p>\n<p class=\"last-p-tag\">Under 2025 sl\u00e4pptes \u00e4ven flera nya avsnitt av\u00a0<a rel=\"noopener nofollow\" href=\"https:\/\/public.paloma.se\/Clickstat\/Click?l=8bd808e4-5600-4f4d-bee9-237b5316eff5&amp;r=893155ec-14ef-4672-a4bc-7a6a0e6a154f\" target=\"_blank\" class=\"link\">Global h\u00e4lsa-podden<\/a>\u00a0och SLS bj\u00f6d in till tv\u00e5 ordf\u00f6rander\u00e5d med\u00a0<a rel=\"noopener nofollow\" href=\"https:\/\/public.paloma.se\/Clickstat\/Click?l=e05735d8-3fee-4436-b2af-191581a4d712&amp;r=893155ec-14ef-4672-a4bc-7a6a0e6a154f\" target=\"_blank\" class=\"link\">Acko Ankarberg Johansson<\/a>\u00a0repsektive\u00a0<a rel=\"noopener nofollow\" href=\"https:\/\/public.paloma.se\/Clickstat\/Click?l=4ec27203-169b-4524-a0ac-1664b158a2fa&amp;r=893155ec-14ef-4672-a4bc-7a6a0e6a154f\" target=\"_blank\" class=\"link\">Bj\u00f6rn Eriksson<\/a> som s\u00e4rskilt inbjudna g\u00e4ster.<\/p>\n<p class=\"last-p-tag\"><a style=\"font-family: Montserrat, sans-serif, arial; font-size: 1rem;\" rel=\"noopener nofollow\" href=\"https:\/\/www.youtube.com\/@Lakaresallskapet\" target=\"_blank\" class=\"btn btn-outline-dark\">SLS YouTube-kanal<\/a><\/p>\n<p>Debatt<\/p>\n<p>Debatt\u00e5ret 2025 \u2013 SLS i samh\u00e4llsdebatten<\/p>\n<p class=\"pf0\">Under 2025 tog SLS en aktiv och tydlig roll i den offentliga debatten om h\u00e4lso- och sjukv\u00e5rdens utveckling. Genom debattartiklar i rikst\u00e4ckande och regionala medier drev SLS fr\u00e5gor om klinisk forskning som nationellt \u00e5tagande, l\u00e5ngsiktig styrning av v\u00e5rden, patients\u00e4kerhet, fortbildning, l\u00e4kemedelsf\u00f6rs\u00f6rjning samt global h\u00e4lsa och medicinsk etik.<\/p>\n<p class=\"pf0\">Debattarbetet intensifierades under h\u00f6sten i samband med lanseringen av SLS h\u00e4lso- och sjukv\u00e5rdspolitiska program inf\u00f6r valet 2026, med fokus p\u00e5 professionens villkor och v\u00e5rdens l\u00e5ngsiktiga h\u00e5llbarhet.<\/p>\n<p class=\"pf0\"><strong>Urval av debattartiklar 2025:<\/strong><\/p>\n<p><a rel=\"noopener nofollow\" href=\"https:\/\/www.sls.se\/sls\/aktuellt\/nyheter\" target=\"_blank\" title=\"Nyheter\" class=\"btn btn-outline-dark\">L\u00e4s mer<\/a><\/p>\n<p>Lansering<\/p>\n<p>SLS h\u00e4lso- och sjukv\u00e5rdspolitiska program inf\u00f6r valet 2026<\/p>\n<p class=\"pf0\">F\u00f6r att s\u00e4tta h\u00e4lso- och sjukv\u00e5rdsfr\u00e5gorna i fokus inf\u00f6r valet 2026 lanserades i slutet av november ett nytt h\u00e4lso- och sjukv\u00e5rdspolitiskt program med fem prioriterade omr\u00e5den f\u00f6r en mer kunskapsbaserad, j\u00e4mlik och h\u00e5llbar v\u00e5rd.<\/p>\n<p><a rel=\"noopener nofollow\" href=\"https:\/\/forening.sls.se\/valet26\" target=\"_blank\" class=\"btn btn-outline-dark\">L\u00e4s mer<\/a><\/p>\n<p><img loading=\"lazy\" decoding=\"async\" src=\"https:\/\/www.europesays.com\/se\/wp-content\/uploads\/2025\/12\/beige-minimalist-aesthetic-photo-collage-banner-1.png\" alt=\"\" width=\"966\" height=\"483\"\/><\/p>\n<p>\u00a0<\/p>\n<p>\u00a0<\/p>\n<p>\u00a0<\/p>\n","protected":false},"excerpt":{"rendered":"2025-12-29 Stort tack till alla medlemmar i SLS f\u00f6reningar, n\u00e4mnd, delegationer, kommitt\u00e9er och arbetsgrupper som under 2025 bidragit&hellip;\n","protected":false},"author":2,"featured_media":120751,"comment_status":"","ping_status":"","sticky":false,"template":"","format":"standard","meta":{"footnotes":""},"categories":[12],"tags":[22,23,26,27,17,21,24,25,28,29,15,16,18,34,31,33,32,30,19,20],"class_list":{"0":"post-120750","1":"post","2":"type-post","3":"status-publish","4":"format-standard","5":"has-post-thumbnail","7":"category-sverige","8":"tag-breaking-news","9":"tag-breakingnews","10":"tag-featured-news","11":"tag-featurednews","12":"tag-headlines","13":"tag-huvudnyheter","14":"tag-latest-news","15":"tag-latestnews","16":"tag-main-news","17":"tag-mainnews","18":"tag-news","19":"tag-nyheter","20":"tag-rubriker","21":"tag-se","22":"tag-svenska","23":"tag-sverige","24":"tag-sweden","25":"tag-swedish","26":"tag-top-stories","27":"tag-topstories"},"share_on_mastodon":{"url":"https:\/\/pubeurope.com\/@se\/115808152169488594","error":""},"_links":{"self":[{"href":"https:\/\/www.europesays.com\/se\/wp-json\/wp\/v2\/posts\/120750","targetHints":{"allow":["GET"]}}],"collection":[{"href":"https:\/\/www.europesays.com\/se\/wp-json\/wp\/v2\/posts"}],"about":[{"href":"https:\/\/www.europesays.com\/se\/wp-json\/wp\/v2\/types\/post"}],"author":[{"embeddable":true,"href":"https:\/\/www.europesays.com\/se\/wp-json\/wp\/v2\/users\/2"}],"replies":[{"embeddable":true,"href":"https:\/\/www.europesays.com\/se\/wp-json\/wp\/v2\/comments?post=120750"}],"version-history":[{"count":0,"href":"https:\/\/www.europesays.com\/se\/wp-json\/wp\/v2\/posts\/120750\/revisions"}],"wp:featuredmedia":[{"embeddable":true,"href":"https:\/\/www.europesays.com\/se\/wp-json\/wp\/v2\/media\/120751"}],"wp:attachment":[{"href":"https:\/\/www.europesays.com\/se\/wp-json\/wp\/v2\/media?parent=120750"}],"wp:term":[{"taxonomy":"category","embeddable":true,"href":"https:\/\/www.europesays.com\/se\/wp-json\/wp\/v2\/categories?post=120750"},{"taxonomy":"post_tag","embeddable":true,"href":"https:\/\/www.europesays.com\/se\/wp-json\/wp\/v2\/tags?post=120750"}],"curies":[{"name":"wp","href":"https:\/\/api.w.org\/{rel}","templated":true}]}}