{"id":120757,"date":"2025-12-30T10:58:06","date_gmt":"2025-12-30T10:58:06","guid":{"rendered":"https:\/\/www.europesays.com\/se\/120757\/"},"modified":"2025-12-30T10:58:06","modified_gmt":"2025-12-30T10:58:06","slug":"har-ar-en-forsta-titt-pa-syna-world-x-nike-droppar-2026","status":"publish","type":"post","link":"https:\/\/www.europesays.com\/se\/120757\/","title":{"rendered":"H\u00e4r \u00e4r en f\u00f6rsta titt p\u00e5 SYNA World x Nike &#8211; droppar 2026"},"content":{"rendered":"<p class=\"p1\">Efter m\u00e5nader av spekulationer \u00e4r det nu 100% bekr\u00e4ftat att <strong>Central Cee<\/strong> tar sitt varum\u00e4rke <strong>SYNA World<\/strong> till n\u00e4sta niv\u00e5,\u00a0genom ett partnerskap med <strong>Nike<\/strong>. En collab som redan hyllas som en av de st\u00f6rsta streetwear-lanseringarna p\u00e5 flera \u00e5r.<\/p>\n<p class=\"p1\">Nike har nu sl\u00e4ppt f\u00f6rsta glimpsen av kollektionen, och vi snackar en kapsel som verkligen matchar Cee\u2019s minimalistiska estetik. F\u00f6rsta droppen kommer best\u00e5 av:<\/p>\n<ul>\n<li class=\"p1\">En co-branded jacka<\/li>\n<li class=\"p1\">Matchande track pants<\/li>\n<\/ul>\n<p class=\"p1\">F\u00e4rgpaletten g\u00e5r i d\u00e4mpade gr\u00e5 och svarta toner, clean, understated och perfekt f\u00f6r vardagsfits. Jackan frontar b\u00e5de SYNA- och Nike-branding, medan byxorna k\u00f6r en mer l\u00e5gm\u00e4ld look med subtila detaljer.<\/p>\n<p>Sneakers p\u00e5 g\u00e5ng?<\/p>\n<p class=\"p1\">Rykten b\u00f6rjade ta fart n\u00e4r Central Cee nyligen visade upp ett par aldrig tidigare sedda Air Force 1 p\u00e5 <a href=\"https:\/\/www.instagram.com\/p\/DSatfbajUpT\/?utm_source=ig_web_copy_link&amp;igsh=MzRlODBiNWFlZA==\" target=\"_blank\" rel=\"nofollow noopener\">Instagram<\/a>, men \u00e4n s\u00e5 l\u00e4nge finns ingen officiell bekr\u00e4ftelse p\u00e5 ett sneaker-sl\u00e4pp.<\/p>\n<p>N\u00e4r sl\u00e4pps kollektionen?<\/p>\n<p class=\"p1\">SYNA World x Nike-kapseln \u00e4r planerad att lanseras <strong>v\u00e5ren 2026<\/strong>, via Nike.com och utvalda retailers globalt.<\/p>\n<p class=\"p1\">Vi uppdaterar s\u00e5 fort release-datum och priser droppar, stay tuned.<\/p>\n<p><script async src=\"\/\/www.instagram.com\/embed.js\"><\/script><\/p>\n","protected":false},"excerpt":{"rendered":"Efter m\u00e5nader av spekulationer \u00e4r det nu 100% bekr\u00e4ftat att Central Cee tar sitt varum\u00e4rke SYNA World till&hellip;\n","protected":false},"author":2,"featured_media":21143,"comment_status":"","ping_status":"","sticky":false,"template":"","format":"standard","meta":{"footnotes":""},"categories":[67],"tags":[12836,104,11128,34,31,33,32,30,12837,105],"class_list":{"0":"post-120757","1":"post","2":"type-post","3":"status-publish","4":"format-standard","5":"has-post-thumbnail","7":"category-underhallning","8":"tag-central-cee","9":"tag-entertainment","10":"tag-nike","11":"tag-se","12":"tag-svenska","13":"tag-sverige","14":"tag-sweden","15":"tag-swedish","16":"tag-syna-world","17":"tag-underhallning"},"share_on_mastodon":{"url":"https:\/\/pubeurope.com\/@se\/115808167699332083","error":""},"_links":{"self":[{"href":"https:\/\/www.europesays.com\/se\/wp-json\/wp\/v2\/posts\/120757","targetHints":{"allow":["GET"]}}],"collection":[{"href":"https:\/\/www.europesays.com\/se\/wp-json\/wp\/v2\/posts"}],"about":[{"href":"https:\/\/www.europesays.com\/se\/wp-json\/wp\/v2\/types\/post"}],"author":[{"embeddable":true,"href":"https:\/\/www.europesays.com\/se\/wp-json\/wp\/v2\/users\/2"}],"replies":[{"embeddable":true,"href":"https:\/\/www.europesays.com\/se\/wp-json\/wp\/v2\/comments?post=120757"}],"version-history":[{"count":0,"href":"https:\/\/www.europesays.com\/se\/wp-json\/wp\/v2\/posts\/120757\/revisions"}],"wp:featuredmedia":[{"embeddable":true,"href":"https:\/\/www.europesays.com\/se\/wp-json\/wp\/v2\/media\/21143"}],"wp:attachment":[{"href":"https:\/\/www.europesays.com\/se\/wp-json\/wp\/v2\/media?parent=120757"}],"wp:term":[{"taxonomy":"category","embeddable":true,"href":"https:\/\/www.europesays.com\/se\/wp-json\/wp\/v2\/categories?post=120757"},{"taxonomy":"post_tag","embeddable":true,"href":"https:\/\/www.europesays.com\/se\/wp-json\/wp\/v2\/tags?post=120757"}],"curies":[{"name":"wp","href":"https:\/\/api.w.org\/{rel}","templated":true}]}}