{"id":120762,"date":"2025-12-30T11:03:08","date_gmt":"2025-12-30T11:03:08","guid":{"rendered":"https:\/\/www.europesays.com\/se\/120762\/"},"modified":"2025-12-30T11:03:08","modified_gmt":"2025-12-30T11:03:08","slug":"cnc-operatoren-dirty-harry-gor-succe-i-dart-vm","status":"publish","type":"post","link":"https:\/\/www.europesays.com\/se\/120762\/","title":{"rendered":"CNC-operat\u00f6ren \u201dDirty Harry\u201d g\u00f6r succ\u00e9 i Dart-VM"},"content":{"rendered":"<p class=\"is-style-preamble\">Till vardags\u00a0jobbar\u00a0han\u00a0natt\u00a0som\u00a0CNC-operat\u00f6r p\u00e5 Fasadglas i Hultsfred. Men nu\u00a0g\u00f6r\u00a0Andreas\u00a0\u201dDirty Harry\u201d\u00a0Harrysson, 50,\u00a0succ\u00e9 i Dart-VM i London.\u00a0En\u00a0vinst skulle ge\u00a0tolv\u00a0miljoner\u00a0kronor\u00a0i prispengar \u2013 och bara en nackdel.\u00a0<\/p>\n<p class=\"is-style-preamble\">\u2013 D\u00e5 kommer jag beh\u00f6va vara tj\u00e4nstledig \u00e4nnu mer, s\u00e4ger han.\u00a0<\/p>\n<p><strong>Under tisdagen<\/strong>\u00a0v\u00e4ntar \u00e5ttondelsfinal\u00a0f\u00f6r Dart-VM:s skr\u00e4llsucc\u00e9,\u00a0den 114-rankade svensken\u00a0Andreas Harrysson.\u00a050-\u00e5ringen fr\u00e5n M\u00e5lilla besegrade den 33-rankade tysken Ricardo \u201dPikachu\u201d Pietreczko i m\u00e4sterskapets tredje runda.\u00a0\u00a0\u00a0<\/p>\n<p>Vinner\u00a0Harrysson \u00e5ttondelen\u00a0kvalificerar hans sig f\u00f6r\u00a0ett\u00a0proffskort, ett s\u00e5 kallat\u00a0PDC pro tour-kort. Det inneb\u00e4r en automatisk kvalifikation till professionella dartt\u00e4vlingar\u00a0fram\u00f6ver.\u00a0<\/p>\n<p>\u2013 Det hade varit\u00a0fantastiskt.\u00a0Det hade varit en riktig bonus. Men d\u00e5 kommer jag beh\u00f6va vara tj\u00e4nstledig fr\u00e5n jobbet \u00e4nnu mer, s\u00e4ger han.<\/p>\n<p><img loading=\"lazy\" decoding=\"async\" width=\"1320\" height=\"1746\" src=\"https:\/\/www.europesays.com\/se\/wp-content\/uploads\/2025\/12\/Andreas_Harrysson_Foto_Privat-1320x1746.jpg\" alt=\"\" class=\"wp-image-169650\"  \/>Andreas Harrysson. Foto: Privat<\/p>\n<p><strong>Andreas Harrysson<\/strong> arbetar vanligtvis\u00a0natt\u00a0som CNC-operat\u00f6r p\u00e5\u00a0Fasadglas i Hultsfred.\u00a0Det inneb\u00e4r lediga fredagar vilket har varit bra n\u00e4r han haft dartt\u00e4vlingar p\u00e5 helgen. Men det\u00a0finns en nackdel.\u00a0<\/p>\n<p>\u2013\u00a0Jag har alltid \u00e4lskat att jobba natt. Men om man varit i v\u00e4g en helg\u00a0och\u00a0kommer hem s\u00f6ndagen f\u00f6r att direkt \u00e5ka och jobba natt s\u00e5 kan det bli lite jobbigt,\u00a0s\u00e4ger han.\u00a0<\/p>\n<p>Sedan\u00a0oktober har han varit tj\u00e4nstledig f\u00f6r att\u00a0f\u00f6rbereda\u00a0sig inf\u00f6r VM.\u00a0F\u00f6r vinnaren\u00a0v\u00e4ntar en prispott p\u00e5 \u00f6ver tolv miljoner svenska kronor.\u00a0F\u00f6r Andreas Harrysson skulle\u00a0en s\u00e5dan vinst\u00a0inneb\u00e4ra mer t\u00e4vlingar och\u00a0st\u00f6rre\u00a0m\u00f6jlighet att ta tj\u00e4nstledigt\u00a0och satsa\u00a0p\u00e5 sporten.<\/p>\n<p><img loading=\"lazy\" decoding=\"async\" width=\"1320\" height=\"930\" src=\"https:\/\/www.europesays.com\/se\/wp-content\/uploads\/2025\/12\/Andreas_Harrysson_Foto_AP_2-1320x930.jpg\" alt=\"\" class=\"wp-image-169627\"  \/>Andreas Harrysson. Foto: AP<\/p>\n<p><strong>Men\u00a0han<\/strong> vet inte om han skulle sluta p\u00e5\u00a0jobbet\u2026<\/p>\n<p>\u2013 Det f\u00e5r man v\u00e4l fundera p\u00e5 d\u00e5. Det kanske jag g\u00f6r. Jag har inte t\u00e4nkt s\u00e5 l\u00e5ngt, s\u00e4ger han.\u00a0<\/p>\n<p>Det har varit enorm uppst\u00e5ndelse\u00a0kring att Andreas Harrysson har tagit sig vidare i VM.\u00a0Mycket st\u00f6rre \u00e4n vad han sj\u00e4lv hade kunnat tro. De senaste dagarna har han\u00a0blivit\u00a0intervjuad av ett flertal medier.\u00a0\u00a0<\/p>\n<p><strong>Under m\u00e5ndagen<\/strong>\u00a0blev han \u00e4ven uppringd av\u00a0en av de tre arbetskamrater som han\u00a0vanligtvis arbetar med p\u00e5 natten.\u00a0<\/p>\n<p>\u2013\u00a0Han sa att alla hemifr\u00e5n och fr\u00e5n jobbet h\u00e4lsar och gratulerar, s\u00e4ger han.\u00a0<\/p>\n<p><img width=\"768\" height=\"1152\" src=\"https:\/\/www.europesays.com\/se\/wp-content\/uploads\/2025\/12\/2025_Byline_Emerik_Einerstam_Karis-768x1152.jpg\" class=\"image_author\" alt=\"Emerik Einerstam Karis. Foto: Ida Persson\" decoding=\"async\" loading=\"lazy\"  \/><strong><a href=\"https:\/\/da.se\/skribent\/emerik-einerstam-karis\/\" title=\"Visa alla inl\u00e4gg av Emerik Einerstam Karis\" rel=\"author nofollow noopener\" target=\"_blank\">Emerik Einerstam Karis<\/a><\/strong><\/p>\n","protected":false},"excerpt":{"rendered":"Till vardags\u00a0jobbar\u00a0han\u00a0natt\u00a0som\u00a0CNC-operat\u00f6r p\u00e5 Fasadglas i Hultsfred. Men nu\u00a0g\u00f6r\u00a0Andreas\u00a0\u201dDirty Harry\u201d\u00a0Harrysson, 50,\u00a0succ\u00e9 i Dart-VM i London.\u00a0En\u00a0vinst skulle ge\u00a0tolv\u00a0miljoner\u00a0kronor\u00a0i prispengar \u2013&hellip;\n","protected":false},"author":2,"featured_media":120763,"comment_status":"","ping_status":"","sticky":false,"template":"","format":"standard","meta":{"footnotes":""},"categories":[5],"tags":[22,23,26,27,17,21,24,25,28,29,15,16,18,34,31,33,32,30,19,20],"class_list":{"0":"post-120762","1":"post","2":"type-post","3":"status-publish","4":"format-standard","5":"has-post-thumbnail","7":"category-rubriker","8":"tag-breaking-news","9":"tag-breakingnews","10":"tag-featured-news","11":"tag-featurednews","12":"tag-headlines","13":"tag-huvudnyheter","14":"tag-latest-news","15":"tag-latestnews","16":"tag-main-news","17":"tag-mainnews","18":"tag-news","19":"tag-nyheter","20":"tag-rubriker","21":"tag-se","22":"tag-svenska","23":"tag-sverige","24":"tag-sweden","25":"tag-swedish","26":"tag-top-stories","27":"tag-topstories"},"share_on_mastodon":{"url":"https:\/\/pubeurope.com\/@se\/115808187398762434","error":""},"_links":{"self":[{"href":"https:\/\/www.europesays.com\/se\/wp-json\/wp\/v2\/posts\/120762","targetHints":{"allow":["GET"]}}],"collection":[{"href":"https:\/\/www.europesays.com\/se\/wp-json\/wp\/v2\/posts"}],"about":[{"href":"https:\/\/www.europesays.com\/se\/wp-json\/wp\/v2\/types\/post"}],"author":[{"embeddable":true,"href":"https:\/\/www.europesays.com\/se\/wp-json\/wp\/v2\/users\/2"}],"replies":[{"embeddable":true,"href":"https:\/\/www.europesays.com\/se\/wp-json\/wp\/v2\/comments?post=120762"}],"version-history":[{"count":0,"href":"https:\/\/www.europesays.com\/se\/wp-json\/wp\/v2\/posts\/120762\/revisions"}],"wp:featuredmedia":[{"embeddable":true,"href":"https:\/\/www.europesays.com\/se\/wp-json\/wp\/v2\/media\/120763"}],"wp:attachment":[{"href":"https:\/\/www.europesays.com\/se\/wp-json\/wp\/v2\/media?parent=120762"}],"wp:term":[{"taxonomy":"category","embeddable":true,"href":"https:\/\/www.europesays.com\/se\/wp-json\/wp\/v2\/categories?post=120762"},{"taxonomy":"post_tag","embeddable":true,"href":"https:\/\/www.europesays.com\/se\/wp-json\/wp\/v2\/tags?post=120762"}],"curies":[{"name":"wp","href":"https:\/\/api.w.org\/{rel}","templated":true}]}}