{"id":120766,"date":"2025-12-30T11:06:16","date_gmt":"2025-12-30T11:06:16","guid":{"rendered":"https:\/\/www.europesays.com\/se\/120766\/"},"modified":"2025-12-30T11:06:16","modified_gmt":"2025-12-30T11:06:16","slug":"newjeans-medlem-danielle-marsh-far-sparken-fran-k-pop-bandet","status":"publish","type":"post","link":"https:\/\/www.europesays.com\/se\/120766\/","title":{"rendered":"NewJeans medlem Danielle Marsh f\u00e5r sparken fr\u00e5n K-pop-bandet"},"content":{"rendered":"<p>Efter konflikt med skivbolaget<a data-test-tag=\"internal-link\" href=\"https:\/\/www.aftonbladet.se\/av\/stina-dahlgren\" class=\"hyperion-css-13ns1rr\" rel=\"nofollow noopener\" target=\"\" aria-label=\"Se alla artiklar av Stina Dahlgren\"><img decoding=\"async\" class=\"image-asset hyperion-css-n6kkq1\" data-test-tag=\"image-asset\" src=\"https:\/\/www.europesays.com\/se\/wp-content\/uploads\/2025\/12\/a5192bfe-6b51-4da7-a57e-03de4578b119.png\"  alt=\"\"  loading=\"lazy\" fetchpriority=\"auto\" style=\"aspect-ratio:1900 \/ 1900\"\/><\/a><\/p>\n<p class=\"boxtextgrotesk-root_baa6 hyperion-css-7pajle\">Uppdaterad 12.03 | Publicerad 10.41<\/p>\n<p>share-arrowDela<\/p>\n<p>unsaveSpara<\/p>\n<p class=\"hyperion-css-1shl3oz\" data-test-tag=\"lead-text\">Danielle Marsh tvingas sluta i bandet NewJeans.<\/p>\n<p class=\"hyperion-css-1shl3oz\" data-test-tag=\"lead-text\">Samtidigt st\u00e4ms hon och flera andra av skivbolaget p\u00e5 317 miljoner kronor.<\/p>\n<ul class=\"hyperion-css-e9gx76\" data-test-tag=\"list\">\n<li class=\"hyperion-css-1d843yr\">Danielle Marsh tvingas l\u00e4mna bandet NewJeans efter en konflikt med skivbolaget Ador.<\/li>\n<li class=\"hyperion-css-1d843yr\">Skivbolaget Ador st\u00e4mmer Danielle Marsh och andra p\u00e5 sammanlagt 317 miljoner kronor.<\/li>\n<li class=\"hyperion-css-1d843yr\">Trots tidigare planer p\u00e5 att l\u00e4mna Ador m\u00e5ste NewJeans enligt domstolsbeslut stanna hos bolaget till 2029.<\/li>\n<\/ul>\n<p>L\u00e4s mer<img decoding=\"async\" src=\"https:\/\/www.europesays.com\/se\/wp-content\/uploads\/2025\/12\/70743870d3030888b41a2e28423a5957.jpg\" class=\"thumbnail-image_fbfd thumbnail-portrait_fbfd\" alt=\"\u00c5rets n\u00f6jessnackisar 2025: Skandaler av artisten toppar listan\"\/><\/p>\n<p>\u00c5rets n\u00f6jessnackisar 2025: Skandaler av artisten toppar listan<\/p>\n<p>3:06<\/p>\n<p class=\"hyperion-css-1v9qo5x\">2024 meddelade bandet <a data-test-tag=\"internal-link\" href=\"https:\/\/www.aftonbladet.se\/nojesbladet\/musik\/a\/VPB6gW\/listan-avvapnande-och-underbar-k-pop\" class=\"hyperion-css-15jkft9\" rel=\"nofollow noopener\" target=\"\" aria-label=\"NewJeans\" theme=\"entertainment\">NewJeans<\/a> att de t\u00e4nkte l\u00e4mna sitt skivbolag Ador, som de anklagade f\u00f6r \u201dtrakasserier p\u00e5 arbetsplatsen\u201d, skriver <a aria-label=\"BBC\" class=\"entertainment hyperion-css-15jkft9\" href=\"https:\/\/www.bbc.com\/news\/articles\/cdxwxqrde29o\" rel=\"noopener nofollow noreferrer\" data-test-tag=\"external-link\" target=\"_blank\">BBC<\/a>.<\/p>\n<p class=\"hyperion-css-1v9qo5x\">I oktober kom dock en domstol fram till att bandet m\u00e5ste stanna hos bolaget till 2029 p\u00e5 grund av deras kontrakt. En m\u00e5nad efter domen uppgav alla fem medlemmarna att de skulle \u00e5terv\u00e4nda till Ador.<\/p>\n<p>expand-left<\/p>\n<p>helsk\u00e4rm<img decoding=\"async\" class=\"image-asset hyperion-css-u06ts1\" data-test-tag=\"image-asset\" src=\"https:\/\/www.europesays.com\/se\/wp-content\/uploads\/2025\/12\/a9a745ac-092b-4705-a771-a39867bb4834.jpeg\"  alt=\"Sydkoreanska bandet New Jeans. Arkivbild.\"  loading=\"eager\" fetchpriority=\"high\" style=\"aspect-ratio:1900 \/ 1292\"\/>Sydkoreanska bandet New Jeans. Arkivbild. Foto: Ahn Young-Joon\/AP\/TTDanielle Marsh f\u00e5r sparken<\/p>\n<p class=\"hyperion-css-1v9qo5x\">Nu kommer beskedet fr\u00e5n skivbolaget att de g\u00f6r sig av med en av dem, <strong>Danielle Marsh<\/strong>, 20, d\u00e5 de menar att hon varit sv\u00e5r att samarbeta med. De avslutar kontraktet samtidigt som de st\u00e4mmer henne, en familjemedlem samt den f\u00f6re detta chefen f\u00f6r bandet, <strong>Min Hee-jin<\/strong>, p\u00e5 sammanlagt 317 miljoner kronor.<\/p>\n<p>expand-left<\/p>\n<p>helsk\u00e4rm<img decoding=\"async\" class=\"image-asset hyperion-css-u06ts1\" data-test-tag=\"image-asset\" src=\"https:\/\/www.europesays.com\/se\/wp-content\/uploads\/2025\/12\/bd06dbef-095d-4a52-894c-b74b23c694d9.jpeg\"  alt=\"Danielle Marsh.\"  loading=\"eager\" fetchpriority=\"high\" style=\"aspect-ratio:1900 \/ 1267\"\/>Danielle Marsh. Foto: Amy Harris \/ AP<\/p>\n<p class=\"hyperion-css-1v9qo5x\">NewJeans slog igenom 2022 och var \u00e5ret efter en av v\u00e4rldens b\u00e4st s\u00e4ljande akter i musikbranschen. N\u00e4r chefen och kvinnan som bandet s\u00e5 l\u00e4nge kallat sin mentor, Min Hee-jin, tvingades sluta b\u00f6rjade konflikten med skivbolaget. <\/p>\n<p class=\"hyperion-css-1v9qo5x\">Konflikten har varit mycket uppm\u00e4rksammad d\u00e5 det \u00e4r fem unga tjejer mellan 17 och 21 \u00e5r som st\u00e5r emot ett av v\u00e4rldens st\u00f6rsta underh\u00e5llningsbolag Hybe, som i sin tur \u00e4ger skivbolaget Ador. <\/p>\n<p class=\"hyperion-css-1v9qo5x\">I ett uttalande skriver Ador att medlemmarna i NewJeans har \u201dexponerats f\u00f6r felaktig och partisk information\u201d vilket lett till en rad missf\u00f6rst\u00e5nd. <\/p>\n<p class=\"hyperion-css-1v9qo5x\">Varken Danielle Marsh eller de andra medlemmarna har uttalat sig om h\u00e4ndelsen. <\/p>\n<p>expand-left<\/p>\n<p>helsk\u00e4rm<img decoding=\"async\" class=\"image-asset hyperion-css-u06ts1\" data-test-tag=\"image-asset\" src=\"https:\/\/www.europesays.com\/se\/wp-content\/uploads\/2025\/12\/f2d0a138-53f9-4828-ad29-439a5f94c0a6.jpeg\"  alt=\"\"  loading=\"eager\" fetchpriority=\"high\" style=\"aspect-ratio:1900 \/ 1267\"\/> Foto: Amy Harris \/ AP<\/p>\n<p>expand-left<\/p>\n<p>helsk\u00e4rm<img decoding=\"async\" class=\"image-asset hyperion-css-u06ts1\" data-test-tag=\"image-asset\" src=\"https:\/\/www.europesays.com\/se\/wp-content\/uploads\/2025\/12\/6e685b7b-4cfa-49b8-85a1-e0d9ff235537.jpeg\"  alt=\"\"  loading=\"eager\" fetchpriority=\"high\" style=\"aspect-ratio:1900 \/ 1267\"\/> Foto: Amy Harris \/ AP<img decoding=\"async\" src=\"https:\/\/www.europesays.com\/se\/wp-content\/uploads\/2025\/08\/9add73646127c36e48c4a927b199b7c2.jpg\" class=\"thumbnail-image_fbfd\" alt=\"67. God Jul alla deppiga k\u00e4ndisar\"\/><\/p>\n<p>67. God Jul alla deppiga k\u00e4ndisar<\/p>\n<p>38:23<\/p>\n","protected":false},"excerpt":{"rendered":"Efter konflikt med skivbolaget Uppdaterad 12.03 | Publicerad 10.41 share-arrowDela unsaveSpara Danielle Marsh tvingas sluta i bandet NewJeans.&hellip;\n","protected":false},"author":2,"featured_media":120767,"comment_status":"","ping_status":"","sticky":false,"template":"","format":"standard","meta":{"footnotes":""},"categories":[67],"tags":[104,34,31,33,32,30,105],"class_list":{"0":"post-120766","1":"post","2":"type-post","3":"status-publish","4":"format-standard","5":"has-post-thumbnail","7":"category-underhallning","8":"tag-entertainment","9":"tag-se","10":"tag-svenska","11":"tag-sverige","12":"tag-sweden","13":"tag-swedish","14":"tag-underhallning"},"share_on_mastodon":{"url":"https:\/\/pubeurope.com\/@se\/115808199235004462","error":""},"_links":{"self":[{"href":"https:\/\/www.europesays.com\/se\/wp-json\/wp\/v2\/posts\/120766","targetHints":{"allow":["GET"]}}],"collection":[{"href":"https:\/\/www.europesays.com\/se\/wp-json\/wp\/v2\/posts"}],"about":[{"href":"https:\/\/www.europesays.com\/se\/wp-json\/wp\/v2\/types\/post"}],"author":[{"embeddable":true,"href":"https:\/\/www.europesays.com\/se\/wp-json\/wp\/v2\/users\/2"}],"replies":[{"embeddable":true,"href":"https:\/\/www.europesays.com\/se\/wp-json\/wp\/v2\/comments?post=120766"}],"version-history":[{"count":0,"href":"https:\/\/www.europesays.com\/se\/wp-json\/wp\/v2\/posts\/120766\/revisions"}],"wp:featuredmedia":[{"embeddable":true,"href":"https:\/\/www.europesays.com\/se\/wp-json\/wp\/v2\/media\/120767"}],"wp:attachment":[{"href":"https:\/\/www.europesays.com\/se\/wp-json\/wp\/v2\/media?parent=120766"}],"wp:term":[{"taxonomy":"category","embeddable":true,"href":"https:\/\/www.europesays.com\/se\/wp-json\/wp\/v2\/categories?post=120766"},{"taxonomy":"post_tag","embeddable":true,"href":"https:\/\/www.europesays.com\/se\/wp-json\/wp\/v2\/tags?post=120766"}],"curies":[{"name":"wp","href":"https:\/\/api.w.org\/{rel}","templated":true}]}}