{"id":120775,"date":"2025-12-30T11:14:06","date_gmt":"2025-12-30T11:14:06","guid":{"rendered":"https:\/\/www.europesays.com\/se\/120775\/"},"modified":"2025-12-30T11:14:06","modified_gmt":"2025-12-30T11:14:06","slug":"ryan-coogler-avslojar-sa-skulle-black-panther-2-ha-blivit-om-chadwick-boseman-levt","status":"publish","type":"post","link":"https:\/\/www.europesays.com\/se\/120775\/","title":{"rendered":"Ryan Coogler avsl\u00f6jar &#8211; s\u00e5 skulle &#8221;Black Panther 2&#8221; ha blivit om Chadwick Boseman levt"},"content":{"rendered":"<p><a href=\"https:\/\/www.moviezine.se\/nyheter\/skadespelaren-chadwick-boseman-har-dott-blev-43-ar\" rel=\"nofollow noopener\" target=\"_blank\">Chadwick Bosemans tidiga bortg\u00e5ng<\/a> l\u00e4mnade en chockv\u00e5g i Hollywood och skapade f\u00f6rst\u00e5s \u00e4ven tumult i projekten han var t\u00e4nkt att spela in. D\u00e4ribland uppf\u00f6ljaren till sin popul\u00e4ra och hyllade superhj\u00e4ltefilm \u201dBlack Panther\u201d.<\/p>\n<p>2022 gjorde<strong> Ryan Coogler<\/strong> \u201dWakanda Forever\u201d, som visserligen togs emot med hyfsat god kritik, men inte utan att man undrar vad som hade blivit annorlunda om Bosemans titelkarakt\u00e4r haft m\u00f6jlighet att medverka.<\/p>\n<p>Nu har Coogler pratat om just de m\u00f6jligheterna i podcasten Happy Sad Confused (via <a href=\"https:\/\/comicbook.com\/movies\/news\/ryan-coogler-reveals-original-black-panther-wakanda-forever-plans-before-chadwick-bosemans-death\/?fbclid=IwZXh0bgNhZW0CMTAAYnJpZBExeWVKajZxNHdIdjVubzFDenNydGMGYXBwX2lkEDIyMjAzOTE3ODgyMDA4OTIAAR6nG4RAUfoMy2MSaLUyqY495yn-CDH7s_yf49jPa7ifmmNJWGPtCEZw1FJ5sQ_aem_l6YvgTSp6g7Z-4k3vK9Nmw\" rel=\"nofollow noopener\" target=\"_blank\">ComicBook<\/a>):<\/p>\n<p>\u2013 Det hela hade kretsat kring n\u00e5got kallat Ritual of the Eight, d\u00e4r en prins vid \u00e5tta \u00e5rs \u00e5lder m\u00e5ste bege sig ut i vildmarken med sin far. De hade inga vapen och prinsen m\u00e5ste g\u00f6ra allt fadern ber honom om, medan fadern i sin tur \u00e4r skyldig att besvara alla fr\u00e5gor fr\u00e5n prinsen. Detta hade p\u00e5g\u00e5tt i \u00e5tta dagar och under tiden hade Namor anfallit. En annan variant av Namor \u00e4n den vi s\u00e5g i f\u00e4rdiga filmen. Under allt detta kaos var hans son allts\u00e5 tvungen att vara med, f\u00f6r att h\u00e5lla sig till traditionerna.<\/p>\n<p>\u201dBlack Panther 2\u201d hade med andra ord fokuserat p\u00e5 relationen med T\u2019Challa och hans son, s\u00e5ledes \u00e4ven kopplat till karakt\u00e4rens band till sin egna far. 180 sidor ska Coogler ha skrivit av manuset, som sedan fick l\u00e4ggas \u00e5t sidan f\u00f6r \u201dWakanda Forever\u201d. Coogler \u00e4r dock snabb att po\u00e4ngtera att han \u201d\u00e4lskade den f\u00e4rdiga filmen ocks\u00e5\u201d.<\/p>\n<p>N\u00e4sta \u00e5r sl\u00e4pps <a href=\"https:\/\/www.moviezine.se\/movies\/avengers-doomsday\" rel=\"nofollow noopener\" target=\"_blank\">\u201dAvengers: Doomsday\u201d<\/a>, d\u00e4r vi f\u00e5r se <a href=\"https:\/\/www.moviezine.se\/nyheter\/laguppstallningen-klar-for-avengers-doomsday-hjaltarna-delas-upp-6-grupper\" rel=\"nofollow noopener\" target=\"_blank\">\u201dBlack Panther\u201d-karakt\u00e4ren Shuri \u00e5terv\u00e4nda<\/a>.<\/p>\n<p>L\u00e4s ocks\u00e5: <a href=\"https:\/\/www.moviezine.se\/nyheter\/the-last-of-us-skadis-lamnar-serien-och-det-kan-vara-marvels-fel\" title=\"\u201dThe Last of Us\u201d-sk\u00e5dis l\u00e4mnar serien \u2013 och det kan vara Marvels fel\" class=\"underline-custom !font-montserrat !font-bold !underline-offset-4 !decoration-4 !decoration-moviezine-green !text-md\" rel=\"nofollow noopener\" target=\"_blank\">\u201dThe Last of Us\u201d-sk\u00e5dis l\u00e4mnar serien \u2013 och det kan vara Marvels fel<\/a><\/p>\n<p>L\u00e4s ocks\u00e5: <a href=\"https:\/\/www.moviezine.se\/nyheter\/mcu-favoriten-ar-tillbaka-se-forsta-teaser-trailern-till-avengers-doomsday\" title=\"MCU-favoriten \u00e4r tillbaka! Se f\u00f6rsta teaser-trailern till \u201dAvengers: Doomsday\u201d\" class=\"underline-custom !font-montserrat !font-bold !underline-offset-4 !decoration-4 !decoration-moviezine-green !text-md\" rel=\"nofollow noopener\" target=\"_blank\">MCU-favoriten \u00e4r tillbaka! Se f\u00f6rsta teaser-trailern till \u201dAvengers: Doomsday\u201d<\/a><\/p>\n","protected":false},"excerpt":{"rendered":"Chadwick Bosemans tidiga bortg\u00e5ng l\u00e4mnade en chockv\u00e5g i Hollywood och skapade f\u00f6rst\u00e5s \u00e4ven tumult i projekten han var&hellip;\n","protected":false},"author":2,"featured_media":120776,"comment_status":"","ping_status":"","sticky":false,"template":"","format":"standard","meta":{"footnotes":""},"categories":[67],"tags":[2118,104,2390,34,31,33,32,30,105],"class_list":{"0":"post-120775","1":"post","2":"type-post","3":"status-publish","4":"format-standard","5":"has-post-thumbnail","7":"category-underhallning","8":"tag-bakom-kulisserna","9":"tag-entertainment","10":"tag-marvel","11":"tag-se","12":"tag-svenska","13":"tag-sverige","14":"tag-sweden","15":"tag-swedish","16":"tag-underhallning"},"share_on_mastodon":{"url":"https:\/\/pubeurope.com\/@se\/115808230635580561","error":""},"_links":{"self":[{"href":"https:\/\/www.europesays.com\/se\/wp-json\/wp\/v2\/posts\/120775","targetHints":{"allow":["GET"]}}],"collection":[{"href":"https:\/\/www.europesays.com\/se\/wp-json\/wp\/v2\/posts"}],"about":[{"href":"https:\/\/www.europesays.com\/se\/wp-json\/wp\/v2\/types\/post"}],"author":[{"embeddable":true,"href":"https:\/\/www.europesays.com\/se\/wp-json\/wp\/v2\/users\/2"}],"replies":[{"embeddable":true,"href":"https:\/\/www.europesays.com\/se\/wp-json\/wp\/v2\/comments?post=120775"}],"version-history":[{"count":0,"href":"https:\/\/www.europesays.com\/se\/wp-json\/wp\/v2\/posts\/120775\/revisions"}],"wp:featuredmedia":[{"embeddable":true,"href":"https:\/\/www.europesays.com\/se\/wp-json\/wp\/v2\/media\/120776"}],"wp:attachment":[{"href":"https:\/\/www.europesays.com\/se\/wp-json\/wp\/v2\/media?parent=120775"}],"wp:term":[{"taxonomy":"category","embeddable":true,"href":"https:\/\/www.europesays.com\/se\/wp-json\/wp\/v2\/categories?post=120775"},{"taxonomy":"post_tag","embeddable":true,"href":"https:\/\/www.europesays.com\/se\/wp-json\/wp\/v2\/tags?post=120775"}],"curies":[{"name":"wp","href":"https:\/\/api.w.org\/{rel}","templated":true}]}}