{"id":120781,"date":"2025-12-30T11:18:22","date_gmt":"2025-12-30T11:18:22","guid":{"rendered":"https:\/\/www.europesays.com\/se\/120781\/"},"modified":"2025-12-30T11:18:22","modified_gmt":"2025-12-30T11:18:22","slug":"jonathan-tornstrand-sluta-utvisa-skotsamma-uppsalabor-som-18-arige-bader-unt","status":"publish","type":"post","link":"https:\/\/www.europesays.com\/se\/120781\/","title":{"rendered":"JONATHAN T\u00d6RNSTRAND: Sluta utvisa sk\u00f6tsamma Uppsalabor som 18-\u00e5rige Bader &#8211; UNT"},"content":{"rendered":"<ol>\n<li><a href=\"https:\/\/news.google.com\/rss\/articles\/CBMirAFBVV95cUxPWjV4X0VkblhQb2JEMGx1Nk56MHlCV1pPYWY5SC1RRFg0Q1Q3a08xZ3NIdEVLTkhFd0ZmWV91T3lnWjA0cVk0NW5HbXJya0p5U3gyaE9CNVFfTllUWFRPQm9CMUhuSzZLb0FWM1NrWDBPajNlWkRVTHhCWnhjVnFWbEVneFRZMUZRdllsQkRKTlpoWU8tdUhqSnZyTWcydnhUN3YyMEpLME5yUjB3?oc=5\" target=\"_blank\" rel=\"nofollow noopener\">JONATHAN T\u00d6RNSTRAND: Sluta utvisa sk\u00f6tsamma Uppsalabor som 18-\u00e5rige Bader<\/a>&nbsp;&nbsp;UNT<\/li>\n<li><a href=\"https:\/\/news.google.com\/rss\/articles\/CBMirwFBVV95cUxNV0lIS1BMdHJLalJIamxUYVVtbTZTbzFhM2NwaXhEVnRBdDhpSDFpc09nbmtfLW8zZkp3UVJnSk5sMnNqbm8wMFE3Tjk1WXFYSVNwU1BWckk4VkZCOW5mbDBHanZzV19IOUtoMTVCNTA1UTVJVG1ob3psekV3Z2k5WlNxNWRtTjk5ckp0RFRwWHZwVkNfU1JfM3UtaHMzbHpqMndveUtVSVpBUU9FZE5N?oc=5\" target=\"_blank\" rel=\"nofollow noopener\">INS\u00c4NDARE: Enk\u00f6pings styre sviker sitt ansvar f\u00f6r \u00e5tervandring<\/a>&nbsp;&nbsp;Enk\u00f6pingsposten<\/li>\n<li><a href=\"https:\/\/news.google.com\/rss\/articles\/CBMiogFBVV95cUxPY3c3eTQ2c1U2NWNtLTJUMi00V0VOb2hRczNHSWpsQkVRdDVjZm83OFQ5a0pTVVlPRU82RjlsR2thQmdOZDF2SFN6ZVljczd5UUJ5d2hOS2EwNDFHN25pNkpfMzF2MGFZc2dES3dmNEhqQVJXYjVZXzVMV0J6QXdMT0l5NFNkS2xzZ01xcTc1UEN2cGt4NWVKRzJTcXRIRjljTUE?oc=5\" target=\"_blank\" rel=\"nofollow noopener\">Fria ord: Sluta utvisa de som bygger v\u00e5rt land<\/a>&nbsp;&nbsp;GP<\/li>\n<li><a href=\"https:\/\/news.google.com\/rss\/articles\/CBMikwFBVV95cUxPSmNrMzl1MmFMM0M1NHZVdENORVpFcUNpUDZnS1VSQ09YT2tDQ3RhRks4dEd3SHFGLS1KWDh2d1JJY1F1UmlCMlJuUThVdzl4dkNKSEhZbTlrZWRHUVpSMHdUdjhudzlJVG00cER0M3pwbm5PMVc0QnlhaFY0WWtxNGk2NmJEWDVWOFJzcWctRHcyaEE?oc=5\" target=\"_blank\" rel=\"nofollow noopener\">Debatt: Det g\u00e5r bra med b\u00e5de fakta och humanism<\/a>&nbsp;&nbsp;provinstidningen.se<\/li>\n<li><a href=\"https:\/\/news.google.com\/rss\/articles\/CBMib0FVX3lxTFByUDd3clRubEstYzJPX2FIRWtZSDBwQ0JabHZBMERVVy1PVlhiLWY1QkVxSVFSeTk0aHJqRXRxLXBhampPYVhsRHhES1RxV0JaRVdTVl9XV3dXSFp4NkVRSUoteXA0MHhiazVNV0stZw?oc=5\" target=\"_blank\" rel=\"nofollow noopener\">LEDARE: Blir 2026 massutvisningarnas \u00e5r?<\/a>&nbsp;&nbsp;ltz.se<\/li>\n<\/ol>\n","protected":false},"excerpt":{"rendered":"JONATHAN T\u00d6RNSTRAND: Sluta utvisa sk\u00f6tsamma Uppsalabor som 18-\u00e5rige Bader&nbsp;&nbsp;UNT INS\u00c4NDARE: Enk\u00f6pings styre sviker sitt ansvar f\u00f6r \u00e5tervandring&nbsp;&nbsp;Enk\u00f6pingsposten Fria&hellip;\n","protected":false},"author":2,"featured_media":120782,"comment_status":"","ping_status":"","sticky":false,"template":"","format":"standard","meta":{"footnotes":""},"categories":[12],"tags":[22,23,26,27,17,21,24,25,28,29,15,16,18,34,31,33,32,30,19,20],"class_list":{"0":"post-120781","1":"post","2":"type-post","3":"status-publish","4":"format-standard","5":"has-post-thumbnail","7":"category-sverige","8":"tag-breaking-news","9":"tag-breakingnews","10":"tag-featured-news","11":"tag-featurednews","12":"tag-headlines","13":"tag-huvudnyheter","14":"tag-latest-news","15":"tag-latestnews","16":"tag-main-news","17":"tag-mainnews","18":"tag-news","19":"tag-nyheter","20":"tag-rubriker","21":"tag-se","22":"tag-svenska","23":"tag-sverige","24":"tag-sweden","25":"tag-swedish","26":"tag-top-stories","27":"tag-topstories"},"share_on_mastodon":{"url":"https:\/\/pubeurope.com\/@se\/115808246403529223","error":""},"_links":{"self":[{"href":"https:\/\/www.europesays.com\/se\/wp-json\/wp\/v2\/posts\/120781","targetHints":{"allow":["GET"]}}],"collection":[{"href":"https:\/\/www.europesays.com\/se\/wp-json\/wp\/v2\/posts"}],"about":[{"href":"https:\/\/www.europesays.com\/se\/wp-json\/wp\/v2\/types\/post"}],"author":[{"embeddable":true,"href":"https:\/\/www.europesays.com\/se\/wp-json\/wp\/v2\/users\/2"}],"replies":[{"embeddable":true,"href":"https:\/\/www.europesays.com\/se\/wp-json\/wp\/v2\/comments?post=120781"}],"version-history":[{"count":0,"href":"https:\/\/www.europesays.com\/se\/wp-json\/wp\/v2\/posts\/120781\/revisions"}],"wp:featuredmedia":[{"embeddable":true,"href":"https:\/\/www.europesays.com\/se\/wp-json\/wp\/v2\/media\/120782"}],"wp:attachment":[{"href":"https:\/\/www.europesays.com\/se\/wp-json\/wp\/v2\/media?parent=120781"}],"wp:term":[{"taxonomy":"category","embeddable":true,"href":"https:\/\/www.europesays.com\/se\/wp-json\/wp\/v2\/categories?post=120781"},{"taxonomy":"post_tag","embeddable":true,"href":"https:\/\/www.europesays.com\/se\/wp-json\/wp\/v2\/tags?post=120781"}],"curies":[{"name":"wp","href":"https:\/\/api.w.org\/{rel}","templated":true}]}}