{"id":120783,"date":"2025-12-30T11:19:12","date_gmt":"2025-12-30T11:19:12","guid":{"rendered":"https:\/\/www.europesays.com\/se\/120783\/"},"modified":"2025-12-30T11:19:12","modified_gmt":"2025-12-30T11:19:12","slug":"tidningsbud-misshandlat-i-goteborg-vagrade-oppna-portdorr","status":"publish","type":"post","link":"https:\/\/www.europesays.com\/se\/120783\/","title":{"rendered":"Tidningsbud misshandlat i G\u00f6teborg \u2013 v\u00e4grade \u00f6ppna portd\u00f6rr"},"content":{"rendered":"<p>Publicerad 30 dec 2025 kl 09.00Uppdaterad kl 09.11<\/p>\n<p>Ett tidningsbud har misshandlats av tv\u00e5 m\u00e4n i 25-\u00e5rs\u00e5ldern p\u00e5 Hisingen i G\u00f6teborg.<\/p>\n<p>Senaste nyhetsklippen fr\u00e5n Expressen.<img   alt=\"\"\/><\/p>\n<p>En misshandel har intr\u00e4ffat p\u00e5 Hisingen i G\u00f6teborg.<\/p>\n<p>Foto: Google maps<\/p>\n<p>\u00d6ppna bild i helsk\u00e4rm<\/p>\n<p>Misshandeln intr\u00e4ffade strax efter klockan tre natten till tisdagen n\u00e4r tidningsbudet v\u00e4grade sl\u00e4ppa in m\u00e4nnen i en trappuppg\u00e5ng.<\/p>\n<p>M\u00e4nnen ska i samband med misshandeln ha krossat rutan till entr\u00e9d\u00f6rren, skriver polisen p\u00e5 sin sajt.<\/p>\n<p>Polisen har gripit de b\u00e5da m\u00e4nnen misst\u00e4nkta f\u00f6r misshandel, skadeg\u00f6relse, v\u00e5ldsamt motst\u00e5nd och hot mot tj\u00e4nsteman.<\/p>\n","protected":false},"excerpt":{"rendered":"Publicerad 30 dec 2025 kl 09.00Uppdaterad kl 09.11 Ett tidningsbud har misshandlats av tv\u00e5 m\u00e4n i 25-\u00e5rs\u00e5ldern p\u00e5&hellip;\n","protected":false},"author":2,"featured_media":120784,"comment_status":"","ping_status":"","sticky":false,"template":"","format":"standard","meta":{"footnotes":""},"categories":[5],"tags":[22,23,26,27,17,21,24,25,239,3146,28,29,15,16,18,34,31,33,32,30,19,1496,20],"class_list":{"0":"post-120783","1":"post","2":"type-post","3":"status-publish","4":"format-standard","5":"has-post-thumbnail","7":"category-rubriker","8":"tag-breaking-news","9":"tag-breakingnews","10":"tag-featured-news","11":"tag-featurednews","12":"tag-headlines","13":"tag-huvudnyheter","14":"tag-latest-news","15":"tag-latestnews","16":"tag-location-goteborg","17":"tag-location-hisingen","18":"tag-main-news","19":"tag-mainnews","20":"tag-news","21":"tag-nyheter","22":"tag-rubriker","23":"tag-se","24":"tag-svenska","25":"tag-sverige","26":"tag-sweden","27":"tag-swedish","28":"tag-top-stories","29":"tag-topic-misshandel-overfall","30":"tag-topstories"},"share_on_mastodon":{"url":"https:\/\/pubeurope.com\/@se\/115808250318075591","error":""},"_links":{"self":[{"href":"https:\/\/www.europesays.com\/se\/wp-json\/wp\/v2\/posts\/120783","targetHints":{"allow":["GET"]}}],"collection":[{"href":"https:\/\/www.europesays.com\/se\/wp-json\/wp\/v2\/posts"}],"about":[{"href":"https:\/\/www.europesays.com\/se\/wp-json\/wp\/v2\/types\/post"}],"author":[{"embeddable":true,"href":"https:\/\/www.europesays.com\/se\/wp-json\/wp\/v2\/users\/2"}],"replies":[{"embeddable":true,"href":"https:\/\/www.europesays.com\/se\/wp-json\/wp\/v2\/comments?post=120783"}],"version-history":[{"count":0,"href":"https:\/\/www.europesays.com\/se\/wp-json\/wp\/v2\/posts\/120783\/revisions"}],"wp:featuredmedia":[{"embeddable":true,"href":"https:\/\/www.europesays.com\/se\/wp-json\/wp\/v2\/media\/120784"}],"wp:attachment":[{"href":"https:\/\/www.europesays.com\/se\/wp-json\/wp\/v2\/media?parent=120783"}],"wp:term":[{"taxonomy":"category","embeddable":true,"href":"https:\/\/www.europesays.com\/se\/wp-json\/wp\/v2\/categories?post=120783"},{"taxonomy":"post_tag","embeddable":true,"href":"https:\/\/www.europesays.com\/se\/wp-json\/wp\/v2\/tags?post=120783"}],"curies":[{"name":"wp","href":"https:\/\/api.w.org\/{rel}","templated":true}]}}