{"id":120793,"date":"2025-12-30T11:27:07","date_gmt":"2025-12-30T11:27:07","guid":{"rendered":"https:\/\/www.europesays.com\/se\/120793\/"},"modified":"2025-12-30T11:27:07","modified_gmt":"2025-12-30T11:27:07","slug":"tidigare-sollefteapolitiker-frias-hotfulla-mejlet-inte-brottsligt","status":"publish","type":"post","link":"https:\/\/www.europesays.com\/se\/120793\/","title":{"rendered":"Tidigare Sollefte\u00e5politiker frias \u2013 hotfulla mejlet inte brottsligt"},"content":{"rendered":"<p>I december \u00e5talades Ahlenhed f\u00f6r \u201dbrott mot medborgerlig frihet\u201d, efter att ha skickat hotfulla mejl till regionpolitikern Roger Johansson. Maxstraffet f\u00f6r brottet \u00e4r sex \u00e5rs f\u00e4ngelse.<\/p>\n<p>Nu frias han f\u00f6r brottet. Tingsr\u00e4tten bed\u00f6mer att hans meddelanden inte utg\u00f6r olaga hot och att det inte har f\u00f6relegat n\u00e5gon konkret fara f\u00f6r den medborgerliga friheten.<\/p>\n<p>Ahlenhed ska bland annat ha skrivit till kollegan att han \u201dinte kommer beklaga dagen d\u00e5 n\u00e5gon gubbe fr\u00e5n nordv\u00e4stra delarna av Sollefte\u00e5 kommun s\u00e4tter sig i bilen och s\u00f6ker upp honom med en \u00e4lgstudsare.\u201d<\/p>\n<p>Tingsr\u00e4tten framh\u00e5ller i domen att formuleringarna \u00e4r h\u00f6gst ol\u00e4mpliga men att det \u00e4r tveksamt att de kan ses som ett underf\u00f6rst\u00e5tt hot om att Ahlenhed eller annan ska utf\u00f6ra en brottslig g\u00e4rning mot Roger Johansson. <\/p>\n<p>Tingsr\u00e4tten v\u00e4ljer att ogilla \u00e5talet p\u00e5 samtliga punkter och avsl\u00e5r \u00e4ven skadest\u00e5ndsyrkandet. <\/p>\n","protected":false},"excerpt":{"rendered":"I december \u00e5talades Ahlenhed f\u00f6r \u201dbrott mot medborgerlig frihet\u201d, efter att ha skickat hotfulla mejl till regionpolitikern Roger&hellip;\n","protected":false},"author":2,"featured_media":793,"comment_status":"","ping_status":"","sticky":false,"template":"","format":"standard","meta":{"footnotes":""},"categories":[5],"tags":[22,23,26,27,17,21,24,25,28,29,15,16,18,34,31,33,32,30,19,20],"class_list":{"0":"post-120793","1":"post","2":"type-post","3":"status-publish","4":"format-standard","5":"has-post-thumbnail","7":"category-rubriker","8":"tag-breaking-news","9":"tag-breakingnews","10":"tag-featured-news","11":"tag-featurednews","12":"tag-headlines","13":"tag-huvudnyheter","14":"tag-latest-news","15":"tag-latestnews","16":"tag-main-news","17":"tag-mainnews","18":"tag-news","19":"tag-nyheter","20":"tag-rubriker","21":"tag-se","22":"tag-svenska","23":"tag-sverige","24":"tag-sweden","25":"tag-swedish","26":"tag-top-stories","27":"tag-topstories"},"share_on_mastodon":{"url":"https:\/\/pubeurope.com\/@se\/115808281712279392","error":""},"_links":{"self":[{"href":"https:\/\/www.europesays.com\/se\/wp-json\/wp\/v2\/posts\/120793","targetHints":{"allow":["GET"]}}],"collection":[{"href":"https:\/\/www.europesays.com\/se\/wp-json\/wp\/v2\/posts"}],"about":[{"href":"https:\/\/www.europesays.com\/se\/wp-json\/wp\/v2\/types\/post"}],"author":[{"embeddable":true,"href":"https:\/\/www.europesays.com\/se\/wp-json\/wp\/v2\/users\/2"}],"replies":[{"embeddable":true,"href":"https:\/\/www.europesays.com\/se\/wp-json\/wp\/v2\/comments?post=120793"}],"version-history":[{"count":0,"href":"https:\/\/www.europesays.com\/se\/wp-json\/wp\/v2\/posts\/120793\/revisions"}],"wp:featuredmedia":[{"embeddable":true,"href":"https:\/\/www.europesays.com\/se\/wp-json\/wp\/v2\/media\/793"}],"wp:attachment":[{"href":"https:\/\/www.europesays.com\/se\/wp-json\/wp\/v2\/media?parent=120793"}],"wp:term":[{"taxonomy":"category","embeddable":true,"href":"https:\/\/www.europesays.com\/se\/wp-json\/wp\/v2\/categories?post=120793"},{"taxonomy":"post_tag","embeddable":true,"href":"https:\/\/www.europesays.com\/se\/wp-json\/wp\/v2\/tags?post=120793"}],"curies":[{"name":"wp","href":"https:\/\/api.w.org\/{rel}","templated":true}]}}