{"id":120794,"date":"2025-12-30T11:29:26","date_gmt":"2025-12-30T11:29:26","guid":{"rendered":"https:\/\/www.europesays.com\/se\/120794\/"},"modified":"2025-12-30T11:29:26","modified_gmt":"2025-12-30T11:29:26","slug":"vetle-sjastad-christiansens-ilska-efter-sivert-guttorm-bakkens-dod-skidskytte","status":"publish","type":"post","link":"https:\/\/www.europesays.com\/se\/120794\/","title":{"rendered":"Vetle Sj\u00e5stad Christiansens ilska \u2013 efter Sivert Guttorm Bakkens d\u00f6d | Skidskytte"},"content":{"rendered":"<p>Publicerad 29 dec 2025 kl 12.25Uppdaterad kl 13.47<\/p>\n<p>Norske skidskytteprofilen Vetle Sj\u00e5stad Christiansen kommenterar nu lagkamraten Sivert Guttorm Bakkens bortg\u00e5ng.\u00a0<\/p>\n<p>\u2013 Det \u00e4r s\u00e5 m\u00e5nga som uttalar sig utan att ha kunskap, s\u00e4ger han till VG.<\/p>\n<p><img loading=\"lazy\"   alt=\"\"\/><\/p>\n<p>Vetle Sj\u00e5stad Christiansen.<\/p>\n<p>Foto: PETTER ARVIDSON \/ BILDBYR\u00c5N<\/p>\n<p>\u00d6ppna bild i helsk\u00e4rm<img loading=\"lazy\"   alt=\"\"\/><\/p>\n<p>Sivert Guttorm Bakken.<\/p>\n<p>Foto: IMAGO\/HARALD DEUBERT \/ IMAGO\/HARALD DEUBERT WWW.IMAGO-IMAGES.DE<\/p>\n<p>\u00d6ppna bild i helsk\u00e4rm<\/p>\n<p>Bakken hittades d\u00f6d p\u00e5 sitt hotellrum i italienska Lavaz\u00e8 dagen f\u00f6re julafton.\u00a0<\/p>\n<p>P\u00e5 sig hade han en h\u00f6gh\u00f6jdsmask. D\u00f6dsorsaken \u00e4r inte klarlagd \u00e4n.<\/p>\n<p>\u2013 Det \u00e4r s\u00e5 m\u00e5nga som uttalar sig utan att ha kunskap. Det \u00e4r b\u00e5de vaccinmotst\u00e5ndare som nu utnyttjar m\u00f6jligheten, men ocks\u00e5 alla de som skyller p\u00e5 h\u00f6jdsimulering utan att vi vet s\u00e5 mycket \u00e4nnu, s\u00e4ger Vetle Sj\u00e5stad Christiansen till VG.<\/p>\n<p>\u2013 Kan det finnas n\u00e5got underliggande som kan besvaras i en obduktion? F\u00e5r man n\u00e5gonsin ett riktigt svar? Jag vill v\u00e4nta med att s\u00e4ga n\u00e5got tills du har allt p\u00e5 bordet.<\/p>\n<p>Sivert Guttorm Bakken blev 27 \u00e5r.<\/p>\n<p><strong>L\u00c4S MER: <\/strong><a href=\"https:\/\/www.expressen.se\/sport\/skidskytte\/juni-arnekleiv-om-sorgen-efter-sivert-guttorm-bakken-chockbesked\/\" class=\"\" rel=\"nofollow noopener\" target=\"_blank\">Juni Arnekleiv om sorgen efter Sivert Guttorm Bakken: \u201dChockbesked\u201d<\/a><strong>L\u00c4S MER: <\/strong><a href=\"https:\/\/www.expressen.se\/sport\/kronikorer\/tomas-pettersson\/tomas-pettersson-det-finns-en-fraga-vi-maste-fa-svar-pa\/\" class=\"\" rel=\"nofollow noopener\" target=\"_blank\">Tomas Pettersson: Det finns en fr\u00e5ga vi m\u00e5ste f\u00e5 svar p\u00e5<\/a><\/p>\n","protected":false},"excerpt":{"rendered":"Publicerad 29 dec 2025 kl 12.25Uppdaterad kl 13.47 Norske skidskytteprofilen Vetle Sj\u00e5stad Christiansen kommenterar nu lagkamraten Sivert Guttorm&hellip;\n","protected":false},"author":2,"featured_media":120795,"comment_status":"","ping_status":"","sticky":false,"template":"","format":"standard","meta":{"footnotes":""},"categories":[68],"tags":[34,945,111,110,31,33,32,30],"class_list":{"0":"post-120794","1":"post","2":"type-post","3":"status-publish","4":"format-standard","5":"has-post-thumbnail","7":"category-sport","8":"tag-se","9":"tag-sections-skidskytte","10":"tag-sport","11":"tag-sports","12":"tag-svenska","13":"tag-sverige","14":"tag-sweden","15":"tag-swedish"},"share_on_mastodon":{"url":"https:\/\/pubeurope.com\/@se\/115808289751489207","error":""},"_links":{"self":[{"href":"https:\/\/www.europesays.com\/se\/wp-json\/wp\/v2\/posts\/120794","targetHints":{"allow":["GET"]}}],"collection":[{"href":"https:\/\/www.europesays.com\/se\/wp-json\/wp\/v2\/posts"}],"about":[{"href":"https:\/\/www.europesays.com\/se\/wp-json\/wp\/v2\/types\/post"}],"author":[{"embeddable":true,"href":"https:\/\/www.europesays.com\/se\/wp-json\/wp\/v2\/users\/2"}],"replies":[{"embeddable":true,"href":"https:\/\/www.europesays.com\/se\/wp-json\/wp\/v2\/comments?post=120794"}],"version-history":[{"count":0,"href":"https:\/\/www.europesays.com\/se\/wp-json\/wp\/v2\/posts\/120794\/revisions"}],"wp:featuredmedia":[{"embeddable":true,"href":"https:\/\/www.europesays.com\/se\/wp-json\/wp\/v2\/media\/120795"}],"wp:attachment":[{"href":"https:\/\/www.europesays.com\/se\/wp-json\/wp\/v2\/media?parent=120794"}],"wp:term":[{"taxonomy":"category","embeddable":true,"href":"https:\/\/www.europesays.com\/se\/wp-json\/wp\/v2\/categories?post=120794"},{"taxonomy":"post_tag","embeddable":true,"href":"https:\/\/www.europesays.com\/se\/wp-json\/wp\/v2\/tags?post=120794"}],"curies":[{"name":"wp","href":"https:\/\/api.w.org\/{rel}","templated":true}]}}