{"id":120796,"date":"2025-12-30T11:30:11","date_gmt":"2025-12-30T11:30:11","guid":{"rendered":"https:\/\/www.europesays.com\/se\/120796\/"},"modified":"2025-12-30T11:30:11","modified_gmt":"2025-12-30T11:30:11","slug":"the-last-of-us-skadis-lamnar-serien-och-det-kan-vara-marvels-fel","status":"publish","type":"post","link":"https:\/\/www.europesays.com\/se\/120796\/","title":{"rendered":"&#8221;The Last of Us&#8221;-sk\u00e5dis l\u00e4mnar serien &#8211; och det kan vara Marvels fel"},"content":{"rendered":"<p>Den tredje s\u00e4songen av \u201dThe Last of Us\u201d v\u00e4ntas inleda inspelningen under 2026, sannolikt med en premi\u00e4r under 2027 i sikte (alla stora serier tar nu tv\u00e5 \u00e5r mellan s\u00e4songer, vi f\u00e5r helt enkelt lov att acceptera det). Allt kommer dock inte vara sig likt i den tredje s\u00e4songen: en av seriens sk\u00e5disar, <strong>Danny Ramirez<\/strong>, l\u00e4mnar serien, och f\u00e5r ers\u00e4ttas. <\/p>\n<p>Ramirez spelade <strong>Manny<\/strong> i den andra s\u00e4songen av \u201dThe Last of Us\u201d. Han \u00e4r en av <strong>Abbys<\/strong> (Kaitlyn Dever) v\u00e4nner, som f\u00f6ljer med henne och hj\u00e4lper till i den jakt p\u00e5 h\u00e4mnd som leder till Joels d\u00f6d. <\/p>\n<p><img loading=\"lazy\" height=\"365\" width=\"648\" class=\"wp-image-709732 sp-no-webp perfmatters-lazy\" alt=\"\" decoding=\"async\" src=\"https:\/\/www.europesays.com\/se\/wp-content\/uploads\/2025\/12\/dannyramirezlastofus-648x365.jpg\"  data-\/> Danny Ramirez som Manny i \u201dThe Last of Us\u201d.<\/p>\n<p>Det angivna sk\u00e4let f\u00f6r att Ramirez l\u00e4mnar serien \u00e4r schemakrock, vilket mycket v\u00e4l kan st\u00e4mma: han spelar ocks\u00e5 <strong>Joaquin Torres\/Falcon<\/strong> i Marvels universum, och har hittills synts i b\u00e5de \u201dThe Falcon and the Winter Soldier\u201d och \u201dCaptain America: Brave New World\u201d. 2026 kommer han synas i \u201dAvengers: Doomsday\u201d, och sannolikt kommer han \u00e4ven beh\u00f6va spela in scener f\u00f6r \u201dAvengers: Secret Wars\u201d, vars produktion v\u00e4ntas dra ig\u00e5ng i v\u00e5r. Att det \u00e4r Marvel-plikter som hindrar Ramirez fr\u00e5n att \u00e5terv\u00e4nda till svampbek\u00e4mpningen i \u201dThe Las of Us\u201d \u00e4r inte bekr\u00e4ftat, men nog hyfsat sannolikt. <\/p>\n<p>Vem som f\u00e5r hoppa in och ta \u00f6ver rollen som Manny i s\u00e4song 3 av \u201dThe Last of Us\u201d \u00e4r i skrivande stund inte klart. <\/p>\n<p>S\u00e4song 3 av \u201dThe Last of Us\u201d har i skrivande stund inget bekr\u00e4ftat premi\u00e4rdatum. De tv\u00e5 f\u00f6rsta s\u00e4songerna finns att streama p\u00e5 HBO Max. <\/p>\n<p>L\u00e4s ocks\u00e5: <a href=\"https:\/\/www.moviezine.se\/nyheter\/sasong-2-av-fallout-introducerade-precis-en-marvel-stjarna-men-vem-spelar-han\" title=\"S\u00e4song 2 av \u201dFallout\u201d introducerade precis en Marvel-stj\u00e4rna \u2013 men vem spelar han?\" class=\"underline-custom !font-montserrat !font-bold !underline-offset-4 !decoration-4 !decoration-moviezine-green !text-md\" rel=\"nofollow noopener\" target=\"_blank\">S\u00e4song 2 av \u201dFallout\u201d introducerade precis en Marvel-stj\u00e4rna \u2013 men vem spelar han?<\/a><\/p>\n<p>L\u00e4s ocks\u00e5: <a href=\"https:\/\/www.moviezine.se\/nyheter\/de-basta-nya-tv-serierna-2025-tv-redaktoren-tipsar\" title=\"Tv-redakt\u00f6ren tipsar: De 15 b\u00e4sta nya tv-serierna fr\u00e5n 2025\" class=\"underline-custom !font-montserrat !font-bold !underline-offset-4 !decoration-4 !decoration-moviezine-green !text-md\" rel=\"nofollow noopener\" target=\"_blank\">Tv-redakt\u00f6ren tipsar: De 15 b\u00e4sta nya tv-serierna fr\u00e5n 2025<\/a><\/p>\n","protected":false},"excerpt":{"rendered":"Den tredje s\u00e4songen av \u201dThe Last of Us\u201d v\u00e4ntas inleda inspelningen under 2026, sannolikt med en premi\u00e4r under&hellip;\n","protected":false},"author":2,"featured_media":120797,"comment_status":"","ping_status":"","sticky":false,"template":"","format":"standard","meta":{"footnotes":""},"categories":[67],"tags":[104,34,31,33,32,30,12839,105],"class_list":{"0":"post-120796","1":"post","2":"type-post","3":"status-publish","4":"format-standard","5":"has-post-thumbnail","7":"category-underhallning","8":"tag-entertainment","9":"tag-se","10":"tag-svenska","11":"tag-sverige","12":"tag-sweden","13":"tag-swedish","14":"tag-the-last-of-us","15":"tag-underhallning"},"share_on_mastodon":{"url":"https:\/\/pubeurope.com\/@se\/115808293562889785","error":""},"_links":{"self":[{"href":"https:\/\/www.europesays.com\/se\/wp-json\/wp\/v2\/posts\/120796","targetHints":{"allow":["GET"]}}],"collection":[{"href":"https:\/\/www.europesays.com\/se\/wp-json\/wp\/v2\/posts"}],"about":[{"href":"https:\/\/www.europesays.com\/se\/wp-json\/wp\/v2\/types\/post"}],"author":[{"embeddable":true,"href":"https:\/\/www.europesays.com\/se\/wp-json\/wp\/v2\/users\/2"}],"replies":[{"embeddable":true,"href":"https:\/\/www.europesays.com\/se\/wp-json\/wp\/v2\/comments?post=120796"}],"version-history":[{"count":0,"href":"https:\/\/www.europesays.com\/se\/wp-json\/wp\/v2\/posts\/120796\/revisions"}],"wp:featuredmedia":[{"embeddable":true,"href":"https:\/\/www.europesays.com\/se\/wp-json\/wp\/v2\/media\/120797"}],"wp:attachment":[{"href":"https:\/\/www.europesays.com\/se\/wp-json\/wp\/v2\/media?parent=120796"}],"wp:term":[{"taxonomy":"category","embeddable":true,"href":"https:\/\/www.europesays.com\/se\/wp-json\/wp\/v2\/categories?post=120796"},{"taxonomy":"post_tag","embeddable":true,"href":"https:\/\/www.europesays.com\/se\/wp-json\/wp\/v2\/tags?post=120796"}],"curies":[{"name":"wp","href":"https:\/\/api.w.org\/{rel}","templated":true}]}}