{"id":120803,"date":"2025-12-30T11:37:07","date_gmt":"2025-12-30T11:37:07","guid":{"rendered":"https:\/\/www.europesays.com\/se\/120803\/"},"modified":"2025-12-30T11:37:07","modified_gmt":"2025-12-30T11:37:07","slug":"almtunabacken-klar-for-shl-spel","status":"publish","type":"post","link":"https:\/\/www.europesays.com\/se\/120803\/","title":{"rendered":"Almtunabacken klar f\u00f6r SHL-spel"},"content":{"rendered":"<p>Edvin Hammarlund inledde s\u00e4songen hos svenska m\u00e4starna Lule\u00e5 men hamnade i Almtuna efter ett f\u00e5tal matcher med norrbottningarna.Nu ser 28-\u00e5ringen ut att spela i SHL igen men f\u00f6r en ny klubb.\u00a0Under tisdagens f\u00f6rmiddag avsl\u00f6jade Hockeynews att Link\u00f6ping \u00e4r \u00f6verens med Almtuna om ett korttidsl\u00e5n av backen och strax senare d\u00f6k \u00e4ven Hammarlunds namn p\u00e5 Link\u00f6pings trupp hos<\/p>\n","protected":false},"excerpt":{"rendered":"Edvin Hammarlund inledde s\u00e4songen hos svenska m\u00e4starna Lule\u00e5 men hamnade i Almtuna efter ett f\u00e5tal matcher med norrbottningarna.Nu&hellip;\n","protected":false},"author":2,"featured_media":120804,"comment_status":"","ping_status":"","sticky":false,"template":"","format":"standard","meta":{"footnotes":""},"categories":[68],"tags":[34,111,110,31,33,32,30],"class_list":{"0":"post-120803","1":"post","2":"type-post","3":"status-publish","4":"format-standard","5":"has-post-thumbnail","7":"category-sport","8":"tag-se","9":"tag-sport","10":"tag-sports","11":"tag-svenska","12":"tag-sverige","13":"tag-sweden","14":"tag-swedish"},"share_on_mastodon":{"url":"https:\/\/pubeurope.com\/@se\/115808321033210631","error":""},"_links":{"self":[{"href":"https:\/\/www.europesays.com\/se\/wp-json\/wp\/v2\/posts\/120803","targetHints":{"allow":["GET"]}}],"collection":[{"href":"https:\/\/www.europesays.com\/se\/wp-json\/wp\/v2\/posts"}],"about":[{"href":"https:\/\/www.europesays.com\/se\/wp-json\/wp\/v2\/types\/post"}],"author":[{"embeddable":true,"href":"https:\/\/www.europesays.com\/se\/wp-json\/wp\/v2\/users\/2"}],"replies":[{"embeddable":true,"href":"https:\/\/www.europesays.com\/se\/wp-json\/wp\/v2\/comments?post=120803"}],"version-history":[{"count":0,"href":"https:\/\/www.europesays.com\/se\/wp-json\/wp\/v2\/posts\/120803\/revisions"}],"wp:featuredmedia":[{"embeddable":true,"href":"https:\/\/www.europesays.com\/se\/wp-json\/wp\/v2\/media\/120804"}],"wp:attachment":[{"href":"https:\/\/www.europesays.com\/se\/wp-json\/wp\/v2\/media?parent=120803"}],"wp:term":[{"taxonomy":"category","embeddable":true,"href":"https:\/\/www.europesays.com\/se\/wp-json\/wp\/v2\/categories?post=120803"},{"taxonomy":"post_tag","embeddable":true,"href":"https:\/\/www.europesays.com\/se\/wp-json\/wp\/v2\/tags?post=120803"}],"curies":[{"name":"wp","href":"https:\/\/api.w.org\/{rel}","templated":true}]}}