{"id":120805,"date":"2025-12-30T11:40:06","date_gmt":"2025-12-30T11:40:06","guid":{"rendered":"https:\/\/www.europesays.com\/se\/120805\/"},"modified":"2025-12-30T11:40:06","modified_gmt":"2025-12-30T11:40:06","slug":"misstanks-ha-lurat-till-sig-miljoner-atalas-2","status":"publish","type":"post","link":"https:\/\/www.europesays.com\/se\/120805\/","title":{"rendered":"Misst\u00e4nks ha lurat till sig miljoner \u2013 \u00e5talas"},"content":{"rendered":"<p>Fr\u00e5n ett callcenter i n\u00e4rheten av Bor\u00e5s har sms skickats till hundratals privatpersoner, framf\u00f6r allt i 40 till 50-\u00e5rs\u00e5ldern. Via ett samtal har de sedan manipulerats till att godk\u00e4nna vad de tror \u00e4r en reklamation av en transaktion med hj\u00e4lp av sitt bank-id, men egentligen dras pengar fr\u00e5n deras konton.<\/p>\n<p>Polisen har identifierat 476 \u00e4renden som kopplas till samma g\u00e4rningspersoner \u2013 och den totala brottsvinsten ber\u00e4knas vara omkring 11,5 miljoner kronor.<\/p>\n<p>En man och en kvinna, b\u00e5da i 30-\u00e5rs\u00e5ldern, \u00e5talas nu f\u00f6r nio av fallen, d\u00e4r offren blivit av med drygt 1,3 miljoner kronor. <\/p>\n<p>\u2013 Det \u00e4r de \u00e4renden d\u00e4r vi har bed\u00f6mt att vi har tillr\u00e4ckligt med bevisning f\u00f6r att g\u00e5 vidare nu, s\u00e4ger \u00e5klagaren Sandra Wetz\u00e9r.<\/p>\n","protected":false},"excerpt":{"rendered":"Fr\u00e5n ett callcenter i n\u00e4rheten av Bor\u00e5s har sms skickats till hundratals privatpersoner, framf\u00f6r allt i 40 till&hellip;\n","protected":false},"author":2,"featured_media":120806,"comment_status":"","ping_status":"","sticky":false,"template":"","format":"standard","meta":{"footnotes":""},"categories":[65],"tags":[72,70,71,34,31,33,32,30],"class_list":{"0":"post-120805","1":"post","2":"type-post","3":"status-publish","4":"format-standard","5":"has-post-thumbnail","7":"category-ekonomi","8":"tag-business","9":"tag-economy","10":"tag-ekonomi","11":"tag-se","12":"tag-svenska","13":"tag-sverige","14":"tag-sweden","15":"tag-swedish"},"share_on_mastodon":{"url":"https:\/\/pubeurope.com\/@se\/115808332917703761","error":""},"_links":{"self":[{"href":"https:\/\/www.europesays.com\/se\/wp-json\/wp\/v2\/posts\/120805","targetHints":{"allow":["GET"]}}],"collection":[{"href":"https:\/\/www.europesays.com\/se\/wp-json\/wp\/v2\/posts"}],"about":[{"href":"https:\/\/www.europesays.com\/se\/wp-json\/wp\/v2\/types\/post"}],"author":[{"embeddable":true,"href":"https:\/\/www.europesays.com\/se\/wp-json\/wp\/v2\/users\/2"}],"replies":[{"embeddable":true,"href":"https:\/\/www.europesays.com\/se\/wp-json\/wp\/v2\/comments?post=120805"}],"version-history":[{"count":0,"href":"https:\/\/www.europesays.com\/se\/wp-json\/wp\/v2\/posts\/120805\/revisions"}],"wp:featuredmedia":[{"embeddable":true,"href":"https:\/\/www.europesays.com\/se\/wp-json\/wp\/v2\/media\/120806"}],"wp:attachment":[{"href":"https:\/\/www.europesays.com\/se\/wp-json\/wp\/v2\/media?parent=120805"}],"wp:term":[{"taxonomy":"category","embeddable":true,"href":"https:\/\/www.europesays.com\/se\/wp-json\/wp\/v2\/categories?post=120805"},{"taxonomy":"post_tag","embeddable":true,"href":"https:\/\/www.europesays.com\/se\/wp-json\/wp\/v2\/tags?post=120805"}],"curies":[{"name":"wp","href":"https:\/\/api.w.org\/{rel}","templated":true}]}}