{"id":120807,"date":"2025-12-30T11:41:08","date_gmt":"2025-12-30T11:41:08","guid":{"rendered":"https:\/\/www.europesays.com\/se\/120807\/"},"modified":"2025-12-30T11:41:08","modified_gmt":"2025-12-30T11:41:08","slug":"paven-leo-skickar-nodhjalp-till-ukraina-pa-den-heliga-familjens-sondag","status":"publish","type":"post","link":"https:\/\/www.europesays.com\/se\/120807\/","title":{"rendered":"P\u00e5ven Leo skickar n\u00f6dhj\u00e4lp till Ukraina p\u00e5 den heliga familjens s\u00f6ndag"},"content":{"rendered":"<p>P\u00e5ven Leo XIV sk\u00e4nker tre lastbilslass med humanit\u00e4rt bist\u00e5nd till de delar av Ukraina som drabbats h\u00e5rdast av bombningar \u2013 en \u201dliten gest\u201d, enligt p\u00e5vens allmoseutdelare kardinal Konrad Krajewski, som \u00e4r avsedd att st\u00f6dja familjer som, likt den heliga familjen, \u201dvandrar l\u00e4ngs exilens via dolorosa i s\u00f6kandet efter en fristad\u201d.<\/p>\n<p><b>Vatican News<\/b><\/p>\n<p>Tre lastbilar med etthundratusen matpaket som, med lite vatten, blir energirika soppor med kyckling och gr\u00f6nsaker: en \u201dliten gest\u201d fr\u00e5n p\u00e5ven Leo XIV som ger livsviktig hj\u00e4lp till ukrainska familjer. I samband med firandet av den heliga familjens s\u00f6ndag i Nasaret den 28 december kommer de att ta emot humanit\u00e4rt bist\u00e5nd fr\u00e5n Vatikanen.<\/p>\n<p><b>Hj\u00e4lp till dem som f\u00f6ljer \u201dexilens sm\u00e4rtsamma v\u00e4g\u201d<\/b> <\/p>\n<p>P\u00e5ven Leo XIV:s g\u00e5va \u00e4r, som p\u00e5vens allmoseutdelare kardinal Konrad Krajewski ber\u00e4ttade f\u00f6r Vatican Media, en gest riktad till familjer som, likt familjen i Nasaret, \u201df\u00f6ljer exilens via dolorosa i s\u00f6kandet efter skydd\u201d och upplever \u201dflyktingarnas dramatiska situation, pr\u00e4glad av r\u00e4dsla, sv\u00e5righeter och os\u00e4kerhet\u201d.<\/p>\n<p>Det \u00e4r, fortsatte kardinalen, en gest som visar hur Gud, \u201dgenom att f\u00f6das in i en s\u00e5dan familj, vill vara d\u00e4r m\u00e4nniskan \u00e4r i fara, d\u00e4r hon lider, d\u00e4r hon flyr och d\u00e4r hon m\u00f6ter avvisande och \u00f6vergivenhet\u201d.<\/p>\n<p><b>N\u00e4rhet till familjer som lider<\/b> <\/p>\n<p>Kardinalen p\u00e5pekade ocks\u00e5 att p\u00e5ve Leo XIV redan f\u00f6re jul, genom P\u00e5vliga v\u00e4lg\u00f6renhetskontoret och de apostoliska nuntiaturerna, skickade ekonomiskt st\u00f6d till flera l\u00e4nder.<\/p>\n<p>F\u00f6r Ukrainas del anl\u00e4nde tre lastbilar fyllda med humanit\u00e4rt bist\u00e5nd fr\u00e5n det koreanska f\u00f6retaget Samyang Foods till Vatikanen f\u00f6re julafton och dirigerades d\u00e4refter vidare till de krigszoner som drabbats h\u00e5rdast av bombningar, \u201dd\u00e4r det saknas elektricitet, vatten och uppv\u00e4rmning\u201d.<\/p>\n<p>Kardinal Krajewski betonade att p\u00e5ven Leo \u201dinte bara ber f\u00f6r fred, utan vill vara n\u00e4rvarande hos de familjer som lider.\u201d<\/p>\n","protected":false},"excerpt":{"rendered":"P\u00e5ven Leo XIV sk\u00e4nker tre lastbilslass med humanit\u00e4rt bist\u00e5nd till de delar av Ukraina som drabbats h\u00e5rdast av&hellip;\n","protected":false},"author":2,"featured_media":120808,"comment_status":"","ping_status":"","sticky":false,"template":"","format":"standard","meta":{"footnotes":""},"categories":[14],"tags":[22,23,26,27,17,21,24,25,28,29,15,16,18,34,31,33,32,30,19,20,51,52,53,54],"class_list":{"0":"post-120807","1":"post","2":"type-post","3":"status-publish","4":"format-standard","5":"has-post-thumbnail","7":"category-varlden","8":"tag-breaking-news","9":"tag-breakingnews","10":"tag-featured-news","11":"tag-featurednews","12":"tag-headlines","13":"tag-huvudnyheter","14":"tag-latest-news","15":"tag-latestnews","16":"tag-main-news","17":"tag-mainnews","18":"tag-news","19":"tag-nyheter","20":"tag-rubriker","21":"tag-se","22":"tag-svenska","23":"tag-sverige","24":"tag-sweden","25":"tag-swedish","26":"tag-top-stories","27":"tag-topstories","28":"tag-varlden","29":"tag-world","30":"tag-world-news","31":"tag-worldnews"},"share_on_mastodon":{"url":"https:\/\/pubeurope.com\/@se\/115808336886412337","error":""},"_links":{"self":[{"href":"https:\/\/www.europesays.com\/se\/wp-json\/wp\/v2\/posts\/120807","targetHints":{"allow":["GET"]}}],"collection":[{"href":"https:\/\/www.europesays.com\/se\/wp-json\/wp\/v2\/posts"}],"about":[{"href":"https:\/\/www.europesays.com\/se\/wp-json\/wp\/v2\/types\/post"}],"author":[{"embeddable":true,"href":"https:\/\/www.europesays.com\/se\/wp-json\/wp\/v2\/users\/2"}],"replies":[{"embeddable":true,"href":"https:\/\/www.europesays.com\/se\/wp-json\/wp\/v2\/comments?post=120807"}],"version-history":[{"count":0,"href":"https:\/\/www.europesays.com\/se\/wp-json\/wp\/v2\/posts\/120807\/revisions"}],"wp:featuredmedia":[{"embeddable":true,"href":"https:\/\/www.europesays.com\/se\/wp-json\/wp\/v2\/media\/120808"}],"wp:attachment":[{"href":"https:\/\/www.europesays.com\/se\/wp-json\/wp\/v2\/media?parent=120807"}],"wp:term":[{"taxonomy":"category","embeddable":true,"href":"https:\/\/www.europesays.com\/se\/wp-json\/wp\/v2\/categories?post=120807"},{"taxonomy":"post_tag","embeddable":true,"href":"https:\/\/www.europesays.com\/se\/wp-json\/wp\/v2\/tags?post=120807"}],"curies":[{"name":"wp","href":"https:\/\/api.w.org\/{rel}","templated":true}]}}