{"id":120810,"date":"2025-12-30T11:43:20","date_gmt":"2025-12-30T11:43:20","guid":{"rendered":"https:\/\/www.europesays.com\/se\/120810\/"},"modified":"2025-12-30T11:43:20","modified_gmt":"2025-12-30T11:43:20","slug":"oliver-berg-klar-for-bp","status":"publish","type":"post","link":"https:\/\/www.europesays.com\/se\/120810\/","title":{"rendered":"Oliver Berg klar f\u00f6r BP"},"content":{"rendered":"<p>Publicerad 29 dec 2025 kl 16.22Uppdaterad kl 20.28<\/p>\n<p>H\u00e4r \u00e4r BP:s v\u00e4rvningsbomb fr\u00e5n Malm\u00f6 FF.<\/p>\n<p>Enligt Expressens uppgifter \u00e4r Oliver Berg klar f\u00f6r klubben.<\/p>\n<p>N\u00e5got som ocks\u00e5 bekr\u00e4ftades under m\u00e5ndagskv\u00e4llen.<\/p>\n<p><img   alt=\"\"\/><\/p>\n<p>Oliver Berg.<\/p>\n<p>Foto: MATHILDA AHLBERG \/ BILDBYR\u00c5N<\/p>\n<p>\u00d6ppna bild i helsk\u00e4rm<\/p>\n<p>Malm\u00f6 FF v\u00e4rvade Oliver Berg fr\u00e5n Djurg\u00e5rden sommaren 2023. D\u00e5 var det den d\u00e5varande huvudtr\u00e4naren Henrik Rydstr\u00f6m som ville plocka hem spelaren till sitt lagbygge i MFF.<\/p>\n<p>Under tiden i MFF har det blivit tre m\u00e5l och \u00e5tta assist p\u00e5 67 framtr\u00e4danden och nu st\u00e5r det klart att Berg har spelat sina sista matcher i den himmelsbl\u00e5 tr\u00f6jan.<\/p>\n<p><img loading=\"lazy\"   alt=\"\"\/><\/p>\n<p>Oliver Berg l\u00e4mnar Malm\u00f6 FF f\u00f6r BP.<\/p>\n<p>Foto: PETTER ARVIDSON \/ BILDBYR\u00c5N<\/p>\n<p>\u00d6ppna bild i helsk\u00e4rm<\/p>\n<p>I st\u00e4llet blir det en flytt tillbaka till Stockholm. Expressen kan avsl\u00f6ja att Oliver Berg \u00e4r klar f\u00f6r <a href=\"https:\/\/www.expressen.se\/tagg\/organization\/bp\/\" class=\"\" rel=\"nofollow noopener\" target=\"_blank\">BP<\/a>.<\/p>\n<p>Samtliga parter \u00e4r \u00f6verens och BP f\u00e5r d\u00e4rmed in ett meriterat nyf\u00f6rv\u00e4rv till klubben inf\u00f6r n\u00e4sta \u00e5rs allsvenska. Flytten till BP blir Bergs sj\u00e4tte klubbadress i Sverige.<\/p>\n<p>\u2013 Redan som ung i Norge m\u00f6tte jag BP och fick tidigt h\u00f6ra om klubben som en stor organisation med m\u00e5nga duktiga unga spelare, s\u00e4ger Berg efter att aff\u00e4ren offentliggjorts under kv\u00e4llen.<\/p>\n<p>Tidigare har han representerat Kalmar FF, Djurg\u00e5rden, Dalkurd och Gif Sundsvall.<\/p>\n","protected":false},"excerpt":{"rendered":"Publicerad 29 dec 2025 kl 16.22Uppdaterad kl 20.28 H\u00e4r \u00e4r BP:s v\u00e4rvningsbomb fr\u00e5n Malm\u00f6 FF. Enligt Expressens uppgifter&hellip;\n","protected":false},"author":2,"featured_media":120811,"comment_status":"","ping_status":"","sticky":false,"template":"","format":"standard","meta":{"footnotes":""},"categories":[5],"tags":[22,23,26,27,17,21,24,25,28,29,15,16,441,358,18,34,130,129,31,33,32,30,19,20],"class_list":{"0":"post-120810","1":"post","2":"type-post","3":"status-publish","4":"format-standard","5":"has-post-thumbnail","7":"category-rubriker","8":"tag-breaking-news","9":"tag-breakingnews","10":"tag-featured-news","11":"tag-featurednews","12":"tag-headlines","13":"tag-huvudnyheter","14":"tag-latest-news","15":"tag-latestnews","16":"tag-main-news","17":"tag-mainnews","18":"tag-news","19":"tag-nyheter","20":"tag-organization-bp","21":"tag-organization-malmo-ff","22":"tag-rubriker","23":"tag-se","24":"tag-sections-allsvenskan","25":"tag-sections-fotboll","26":"tag-svenska","27":"tag-sverige","28":"tag-sweden","29":"tag-swedish","30":"tag-top-stories","31":"tag-topstories"},"share_on_mastodon":{"url":"https:\/\/pubeurope.com\/@se\/115808344687016994","error":""},"_links":{"self":[{"href":"https:\/\/www.europesays.com\/se\/wp-json\/wp\/v2\/posts\/120810","targetHints":{"allow":["GET"]}}],"collection":[{"href":"https:\/\/www.europesays.com\/se\/wp-json\/wp\/v2\/posts"}],"about":[{"href":"https:\/\/www.europesays.com\/se\/wp-json\/wp\/v2\/types\/post"}],"author":[{"embeddable":true,"href":"https:\/\/www.europesays.com\/se\/wp-json\/wp\/v2\/users\/2"}],"replies":[{"embeddable":true,"href":"https:\/\/www.europesays.com\/se\/wp-json\/wp\/v2\/comments?post=120810"}],"version-history":[{"count":0,"href":"https:\/\/www.europesays.com\/se\/wp-json\/wp\/v2\/posts\/120810\/revisions"}],"wp:featuredmedia":[{"embeddable":true,"href":"https:\/\/www.europesays.com\/se\/wp-json\/wp\/v2\/media\/120811"}],"wp:attachment":[{"href":"https:\/\/www.europesays.com\/se\/wp-json\/wp\/v2\/media?parent=120810"}],"wp:term":[{"taxonomy":"category","embeddable":true,"href":"https:\/\/www.europesays.com\/se\/wp-json\/wp\/v2\/categories?post=120810"},{"taxonomy":"post_tag","embeddable":true,"href":"https:\/\/www.europesays.com\/se\/wp-json\/wp\/v2\/tags?post=120810"}],"curies":[{"name":"wp","href":"https:\/\/api.w.org\/{rel}","templated":true}]}}