{"id":120812,"date":"2025-12-30T11:45:10","date_gmt":"2025-12-30T11:45:10","guid":{"rendered":"https:\/\/www.europesays.com\/se\/120812\/"},"modified":"2025-12-30T11:45:10","modified_gmt":"2025-12-30T11:45:10","slug":"festligt-fullsatt-farjestad-frolunda-hc","status":"publish","type":"post","link":"https:\/\/www.europesays.com\/se\/120812\/","title":{"rendered":"Festligt, fullsatt, F\u00e4rjestad | Fr\u00f6lunda HC"},"content":{"rendered":"<p class=\"paragraph text-left\"> Ni har h\u00f6rt det f\u00f6rut och kommer att f\u00e5 h\u00f6ra det om och om igen \u2013 Fr\u00f6lunda mot \u00e4rkerivalen F\u00e4rjestad \u00e4r n\u00e5got speciellt, speciellt i ett uts\u00e5lt Scandinavium. <\/p>\n<p class=\"paragraph text-left\"> &#8211; Absolut, det \u00e4r extra plus och det brukar bli roliga matcher, s\u00e4ger coach Robert Ohlsson som med tio raka segrar i bagaget vet vad som kr\u00e4vs: <\/p>\n<p class=\"paragraph text-left\"> &#8211; Vi m\u00e5ste vara passionerade och ge allt och inte sl\u00e4ppa foten fr\u00e5n gasen som vi gjorde mot Malm\u00f6 i den tredje perioden. <\/p>\n<p class=\"paragraph text-left\"> Rivaliteten mellan lagen har inte heller undg\u00e5tt finl\u00e4ndske forwarden Arttu Ruotsalainen: <\/p>\n<p class=\"paragraph text-left\"> &#8211; Det \u00e4r en speciell atmosf\u00e4r kring de h\u00e4r matcherna och det k\u00e4nns redan att det g\u00e4ller lite extra. <\/p>\n<p class=\"paragraph text-left\"> Tisdagskv\u00e4llens match i Scandinavium (19.00) blir s\u00e4songen tredje mellan Fr\u00f6lunda och F\u00e4rjestad \u2013 lika, 1-1, efter de b\u00e5da tidigare m\u00f6tena. <\/p>\n<p class=\"paragraph text-left\"> \u00a0 <\/p>\n<p class=\"paragraph text-left\"> Det till\u00e4mpas selektiv visitation i Scandinaviums entr\u00e9 och endast v\u00e4skor mindre \u00e4n 40*40*20 centimeter \u00e4r till\u00e5tna in i arenan. <\/p>\n<p class=\"paragraph text-left\"> Kom i tid, f\u00f6r att undvika k\u00f6bildning i entr\u00e9erna. <\/p>\n","protected":false},"excerpt":{"rendered":"Ni har h\u00f6rt det f\u00f6rut och kommer att f\u00e5 h\u00f6ra det om och om igen \u2013 Fr\u00f6lunda mot&hellip;\n","protected":false},"author":2,"featured_media":120813,"comment_status":"","ping_status":"","sticky":false,"template":"","format":"standard","meta":{"footnotes":""},"categories":[68],"tags":[34,111,110,31,33,32,30],"class_list":{"0":"post-120812","1":"post","2":"type-post","3":"status-publish","4":"format-standard","5":"has-post-thumbnail","7":"category-sport","8":"tag-se","9":"tag-sport","10":"tag-sports","11":"tag-svenska","12":"tag-sverige","13":"tag-sweden","14":"tag-swedish"},"share_on_mastodon":{"url":"https:\/\/pubeurope.com\/@se\/115808352516349796","error":""},"_links":{"self":[{"href":"https:\/\/www.europesays.com\/se\/wp-json\/wp\/v2\/posts\/120812","targetHints":{"allow":["GET"]}}],"collection":[{"href":"https:\/\/www.europesays.com\/se\/wp-json\/wp\/v2\/posts"}],"about":[{"href":"https:\/\/www.europesays.com\/se\/wp-json\/wp\/v2\/types\/post"}],"author":[{"embeddable":true,"href":"https:\/\/www.europesays.com\/se\/wp-json\/wp\/v2\/users\/2"}],"replies":[{"embeddable":true,"href":"https:\/\/www.europesays.com\/se\/wp-json\/wp\/v2\/comments?post=120812"}],"version-history":[{"count":0,"href":"https:\/\/www.europesays.com\/se\/wp-json\/wp\/v2\/posts\/120812\/revisions"}],"wp:featuredmedia":[{"embeddable":true,"href":"https:\/\/www.europesays.com\/se\/wp-json\/wp\/v2\/media\/120813"}],"wp:attachment":[{"href":"https:\/\/www.europesays.com\/se\/wp-json\/wp\/v2\/media?parent=120812"}],"wp:term":[{"taxonomy":"category","embeddable":true,"href":"https:\/\/www.europesays.com\/se\/wp-json\/wp\/v2\/categories?post=120812"},{"taxonomy":"post_tag","embeddable":true,"href":"https:\/\/www.europesays.com\/se\/wp-json\/wp\/v2\/tags?post=120812"}],"curies":[{"name":"wp","href":"https:\/\/api.w.org\/{rel}","templated":true}]}}