{"id":120814,"date":"2025-12-30T11:48:14","date_gmt":"2025-12-30T11:48:14","guid":{"rendered":"https:\/\/www.europesays.com\/se\/120814\/"},"modified":"2025-12-30T11:48:14","modified_gmt":"2025-12-30T11:48:14","slug":"lastbilsjattens-svenska-vd-europa-kan-vara-en-forebild","status":"publish","type":"post","link":"https:\/\/www.europesays.com\/se\/120814\/","title":{"rendered":"Lastbilsj\u00e4ttens svenska vd: \u201dEuropa kan vara en f\u00f6rebild\u201d"},"content":{"rendered":"<p>\t\t\t\t\t<a href=\"https:\/\/www.tn.se\/klimatomstallningen\/\" rel=\"nofollow noopener\" target=\"_blank\"><br \/>\n\t\t\t\tKLIMATOMST\u00c4LLNINGEN<br \/>\n\t\t\t<\/a><\/p>\n<p>\t\t\t\t<img decoding=\"async\" class=\"figure-img img-fluid\"  src=\"https:\/\/www.europesays.com\/se\/wp-content\/uploads\/2025\/12\/1767095294_845_bilder.tn.se.jpeg\" alt=\"\" itemprop=\"image\"\/><\/p>\n<p>\t\t\t\t\t\t\t\t\tKarin R\u00e5dstr\u00f6m, vd Daimler Truck.<br \/>\n\t\t\t\t\t\t\t\t\t\t\t\t\tBild:<br \/>\n\t\t\t\t\tPressbild<\/p>\n<p class=\"ew-preamble\" itemprop=\"description\">Karin R\u00e5dstr\u00f6m, vd p\u00e5 Daimler Truck, vill att EU b\u00e5de v\u00e4rnar europeisk konkurrenskraft och inf\u00f6r nya \u00e5tg\u00e4rder f\u00f6r att underl\u00e4tta omst\u00e4llningen f\u00f6r lastbilar. Det skriver hon i ett inl\u00e4gg p\u00e5 Di:s debattsida.<\/p>\n<p>\n\t\tPublicerad:<br \/>\n\t\t30 dec 2025, 12:38\n\t<\/p>\n<p>\n\t\t\tUppdaterad:<br \/>\n\t\t\t30 dec 2025, 12:40\n\t\t<\/p>\n<p class=\"ew-body\">\u201dJag tror att Europa kan vara en f\u00f6rebild f\u00f6r andra delar av v\u00e4rlden. Men vi m\u00e5ste vara medvetna om att Europa bara kan beh\u00e5lla sina framg\u00e5ngar och sin levnadsstandard om vi kan bevara grunden \u2013 n\u00e4mligen en stark och konkurrenskraftig ekonomi\u201d, skriver hon p\u00e5 Di Debatt.<\/p>\n<p class=\"ew-body\">Hon vill skrota EU:s nya Euro 7-utsl\u00e4ppsstandard f\u00f6r diesellastbilar och uppn\u00e5 utsl\u00e4ppsfria transporter med hj\u00e4lp av ett flertal satsningar, dels p\u00e5 utsl\u00e4ppsfria fordon och kostnadsparitet med konventionella dieselfordon, dels p\u00e5 en helt\u00e4ckande laddinfrastruktur.<\/p>\n<p class=\"ew-body\">\u201dL\u00e5t oss koppla CO2-m\u00e5len till en gemensam CO2-baserad v\u00e4gavgift och till utbyggnaden av bra laddinfrastruktur \u2013 d\u00e5 kan vi p\u00e5 riktigt avkarbonisera v\u00e5r kommersiella fordonsindustri och beh\u00e5lla dess konkurrenskraft\u201d, skriver hon.<\/p>\n<p class=\"ew-body\">DI Debatt: <a href=\"https:\/\/www.di.se\/debatt\/vi-ar-redo-att-skapa-innovation-ar-eu\/\" id=\"link-e50ea1c8b4fed38269f575d1d3ed7ffe\" target=\"_blank\" rel=\"nofollow noopener\">Vi \u00e4r redo att skapa innovation \u2013 \u00e4r EU?<\/a><\/p>\n<p>\n\t\tPublicerad:<br \/>\n\t\t30 dec 2025, 12:38\n\t<\/p>\n<p>\n\t\t\tUppdaterad:<br \/>\n\t\t\t30 dec 2025, 12:40\n\t\t<\/p>\n","protected":false},"excerpt":{"rendered":"KLIMATOMST\u00c4LLNINGEN Karin R\u00e5dstr\u00f6m, vd Daimler Truck. Bild: Pressbild Karin R\u00e5dstr\u00f6m, vd p\u00e5 Daimler Truck, vill att EU b\u00e5de&hellip;\n","protected":false},"author":2,"featured_media":120815,"comment_status":"","ping_status":"","sticky":false,"template":"","format":"standard","meta":{"footnotes":""},"categories":[65],"tags":[72,70,71,34,31,33,32,30],"class_list":{"0":"post-120814","1":"post","2":"type-post","3":"status-publish","4":"format-standard","5":"has-post-thumbnail","7":"category-ekonomi","8":"tag-business","9":"tag-economy","10":"tag-ekonomi","11":"tag-se","12":"tag-svenska","13":"tag-sverige","14":"tag-sweden","15":"tag-swedish"},"share_on_mastodon":{"url":"https:\/\/pubeurope.com\/@se\/115808364363897826","error":""},"_links":{"self":[{"href":"https:\/\/www.europesays.com\/se\/wp-json\/wp\/v2\/posts\/120814","targetHints":{"allow":["GET"]}}],"collection":[{"href":"https:\/\/www.europesays.com\/se\/wp-json\/wp\/v2\/posts"}],"about":[{"href":"https:\/\/www.europesays.com\/se\/wp-json\/wp\/v2\/types\/post"}],"author":[{"embeddable":true,"href":"https:\/\/www.europesays.com\/se\/wp-json\/wp\/v2\/users\/2"}],"replies":[{"embeddable":true,"href":"https:\/\/www.europesays.com\/se\/wp-json\/wp\/v2\/comments?post=120814"}],"version-history":[{"count":0,"href":"https:\/\/www.europesays.com\/se\/wp-json\/wp\/v2\/posts\/120814\/revisions"}],"wp:featuredmedia":[{"embeddable":true,"href":"https:\/\/www.europesays.com\/se\/wp-json\/wp\/v2\/media\/120815"}],"wp:attachment":[{"href":"https:\/\/www.europesays.com\/se\/wp-json\/wp\/v2\/media?parent=120814"}],"wp:term":[{"taxonomy":"category","embeddable":true,"href":"https:\/\/www.europesays.com\/se\/wp-json\/wp\/v2\/categories?post=120814"},{"taxonomy":"post_tag","embeddable":true,"href":"https:\/\/www.europesays.com\/se\/wp-json\/wp\/v2\/tags?post=120814"}],"curies":[{"name":"wp","href":"https:\/\/api.w.org\/{rel}","templated":true}]}}