{"id":120816,"date":"2025-12-30T11:49:28","date_gmt":"2025-12-30T11:49:28","guid":{"rendered":"https:\/\/www.europesays.com\/se\/120816\/"},"modified":"2025-12-30T11:49:28","modified_gmt":"2025-12-30T11:49:28","slug":"rmc-bygger-isbrytare-at-usa","status":"publish","type":"post","link":"https:\/\/www.europesays.com\/se\/120816\/","title":{"rendered":"RMC bygger isbrytare \u00e5t USA"},"content":{"rendered":"<p>  <img decoding=\"async\" src=\"https:\/\/www.europesays.com\/se\/wp-content\/uploads\/2025\/12\/isbryt.png\"  loading=\"lazy\" class=\"block\" alt=\"\" width=\"650\" height=\"366\"\/><\/p>\n<p>Raumovarvet har skrivit under ett avtal f\u00f6r att bygga tv\u00e5 isbrytare f\u00f6r USA:s kustbevakning<\/p>\n<p class=\"ml-auto text-xs text-gray-500 text-right\">\n        Fotograf:<br \/>\n        RMC\n      <\/p>\n<p>\n    Rauma Marine Constructions, RMC, har tilldelats ett kontrakt av U.S. Coast Guard f\u00f6r byggnation av tv\u00e5 medelstora polarisbrytare.\n  <\/p>\n<p>Fartygen utg\u00f6r de f\u00f6rsta leveranserna inom ramen f\u00f6r det historiska samarbetet mellan USA och Finland f\u00f6r att p\u00e5skynda leveransen av isbrytarkapacitet till den amerikanska kustbevakningen. Aff\u00e4ren \u00e4r ett resultat direkt resultat av det samf\u00f6rst\u00e5ndsavtal som undertecknades i oktober av Donald Trump och Finlands president Alexander Stubb.<\/p>\n<p>\u2013 Avtalet \u00e4r en historisk milstolpe och ett stort bevis p\u00e5 f\u00f6rtroendet f\u00f6r RMC och det finl\u00e4ndska maritima industrin\u00e4tverket. Vi fick det betydande avtalet eftersom vi har kompetensen och f\u00f6rm\u00e5gan att bygga fartygen inom den angivna tidsramen. Nu har vi och v\u00e5rt n\u00e4tverk chansen att bevisa oss och vi m\u00e5ste visa att vi \u00e4r v\u00e4rda f\u00f6rtroendet, s\u00e4ger RMC:s vd Mika Nieminen i ett pressmeddelande.<\/p>\n<p>Inleds direkt<\/p>\n<p>Byggnationen inleds omedelbart vid RMC:s varv i Raumo och leverans planeras till 2028. Projektet genomf\u00f6rs i samarbete med amerikanska Bollinger Shipyards, och Satakunta yrkesh\u00f6gskola deltar som utbildningspartner.<\/p>\n<p>Kontraktet ses som ett tydligt erk\u00e4nnande av Finlands ledande st\u00e4llning inom isbrytarteknik och RMC:s f\u00f6rm\u00e5ga att leverera avancerade fartyg snabbt.<\/p>\n<p>Bepr\u00f6vad teknik fr\u00e5n Finland<\/p>\n<p>Isbrytarna baseras p\u00e5 den bepr\u00f6vade Multi-Purpose Icebreaker-designen, utvecklad av Seaspan Shipyards i samarbete med Aker Arctic Technology. Fartygen \u00e4r konstruerade f\u00f6r kontinuerlig isbrytning i sv\u00e5ra arktiska f\u00f6rh\u00e5llanden, l\u00e5nga sj\u00e4lvst\u00e4ndiga operationer och l\u00e5ngr\u00e4ckvidd f\u00f6r att st\u00e4rka USA:s s\u00e4kerhets- och n\u00e4rvarointressen i Arktis.<\/p>\n<p>\u2013 Att isbrytarbest\u00e4llningen nu s\u00e4krats till varvet \u00e4r en utm\u00e4rkt sak f\u00f6r Finland och hela v\u00e5r sj\u00f6fartsindustri. Best\u00e4llningen st\u00e4rker de finl\u00e4ndska f\u00f6retagens position globalt, \u00f6kar Finlands konkurrenskraft och \u00f6kar exportint\u00e4kterna, s\u00e4ger n\u00e4ringsminister\u00a0Sakari Puisto i pressmeddelandet.<\/p>\n","protected":false},"excerpt":{"rendered":"Raumovarvet har skrivit under ett avtal f\u00f6r att bygga tv\u00e5 isbrytare f\u00f6r USA:s kustbevakning Fotograf: RMC Rauma Marine&hellip;\n","protected":false},"author":2,"featured_media":120817,"comment_status":"","ping_status":"","sticky":false,"template":"","format":"standard","meta":{"footnotes":""},"categories":[14],"tags":[22,23,26,27,684,17,21,6503,24,25,28,29,15,16,12840,18,34,31,33,32,30,19,20,51,52,53,54],"class_list":{"0":"post-120816","1":"post","2":"type-post","3":"status-publish","4":"format-standard","5":"has-post-thumbnail","7":"category-varlden","8":"tag-breaking-news","9":"tag-breakingnews","10":"tag-featured-news","11":"tag-featurednews","12":"tag-finland","13":"tag-headlines","14":"tag-huvudnyheter","15":"tag-isbrytare","16":"tag-latest-news","17":"tag-latestnews","18":"tag-main-news","19":"tag-mainnews","20":"tag-news","21":"tag-nyheter","22":"tag-rmc","23":"tag-rubriker","24":"tag-se","25":"tag-svenska","26":"tag-sverige","27":"tag-sweden","28":"tag-swedish","29":"tag-top-stories","30":"tag-topstories","31":"tag-varlden","32":"tag-world","33":"tag-world-news","34":"tag-worldnews"},"share_on_mastodon":{"url":"https:\/\/pubeurope.com\/@se\/115808368419801661","error":""},"_links":{"self":[{"href":"https:\/\/www.europesays.com\/se\/wp-json\/wp\/v2\/posts\/120816","targetHints":{"allow":["GET"]}}],"collection":[{"href":"https:\/\/www.europesays.com\/se\/wp-json\/wp\/v2\/posts"}],"about":[{"href":"https:\/\/www.europesays.com\/se\/wp-json\/wp\/v2\/types\/post"}],"author":[{"embeddable":true,"href":"https:\/\/www.europesays.com\/se\/wp-json\/wp\/v2\/users\/2"}],"replies":[{"embeddable":true,"href":"https:\/\/www.europesays.com\/se\/wp-json\/wp\/v2\/comments?post=120816"}],"version-history":[{"count":0,"href":"https:\/\/www.europesays.com\/se\/wp-json\/wp\/v2\/posts\/120816\/revisions"}],"wp:featuredmedia":[{"embeddable":true,"href":"https:\/\/www.europesays.com\/se\/wp-json\/wp\/v2\/media\/120817"}],"wp:attachment":[{"href":"https:\/\/www.europesays.com\/se\/wp-json\/wp\/v2\/media?parent=120816"}],"wp:term":[{"taxonomy":"category","embeddable":true,"href":"https:\/\/www.europesays.com\/se\/wp-json\/wp\/v2\/categories?post=120816"},{"taxonomy":"post_tag","embeddable":true,"href":"https:\/\/www.europesays.com\/se\/wp-json\/wp\/v2\/tags?post=120816"}],"curies":[{"name":"wp","href":"https:\/\/api.w.org\/{rel}","templated":true}]}}