{"id":120818,"date":"2025-12-30T11:50:07","date_gmt":"2025-12-30T11:50:07","guid":{"rendered":"https:\/\/www.europesays.com\/se\/120818\/"},"modified":"2025-12-30T11:50:07","modified_gmt":"2025-12-30T11:50:07","slug":"trots-uppgift-om-knivhot-kommunen-far-inte-vraka-hyresgast","status":"publish","type":"post","link":"https:\/\/www.europesays.com\/se\/120818\/","title":{"rendered":"Trots uppgift om knivhot \u2013 kommunen f\u00e5r inte vr\u00e4ka hyresg\u00e4st"},"content":{"rendered":"<p>      Idag kl 12:30    <\/p>\n<p>            Nyheter<\/p>\n<p>        Anklagelserna \u00e4r allvarliga \u2013 men uppgifterna \u00e4r alldeles f\u00f6r vaga och bevisningen f\u00f6r svag. D\u00e4rf\u00f6r f\u00e5r inte Sundsvalls kommun r\u00e4tt att s\u00e4ga upp en hyresg\u00e4st som har ett s\u00e5 kallat socialt kontrakt.\n      <\/p>\n<p>          <img loading=\"lazy\" width=\"1080\" height=\"675\" src=\"https:\/\/www.europesays.com\/se\/wp-content\/uploads\/2025\/12\/polis-1080x675.jpg\" class=\"img-fluid\" alt=\"\" decoding=\"async\"  \/><\/p>\n<p>\n                Foto: Anders Paulsson              <\/p>\n<p>                      Polisanm\u00e4lan r\u00e4cker inte. Trots uppgifter om att hyresg\u00e4sten hotat en granne med kniv f\u00e5r han bo kvar. Bevisningen i hyresr\u00e4tten \u00e4r f\u00f6r tunn. <\/p>\n<p>Han anklagas f\u00f6r att ha hotat en granne med kniv och f\u00f6r att ha gjort n\u00e4rmanden i tv\u00e4ttstugan. I en polisanm\u00e4lan beskriver en granne att han h\u00f6rt n\u00e5gon b\u00f6rjat sl\u00e5 p\u00e5 d\u00f6rren. N\u00e4r slagen tystnar v\u00e5gar han sig till d\u00f6rren. D\u00e5 ser han sin granne g\u00e5 nedf\u00f6r trappen med ett tillhygge. I anm\u00e4lan finns bilder p\u00e5 skadorna p\u00e5 d\u00f6rren.<\/p>\n<p>Men f\u00f6rutom polisanm\u00e4lan finns det inget annat \u00e4n muntliga uppgifter. Ingen av de som ska ha blivit utsatta har velat vittna. Sundsvalls kommun valde trots det att v\u00e4nda sig till hyresn\u00e4mnden f\u00f6r att f\u00e5 r\u00e4tt att s\u00e4ga upp hyresg\u00e4sten. Han bor p\u00e5 ett s\u00e5 kallat socialt kontrakt med kommunen som hyresv\u00e4rd.<\/p>\n<p>Hyresg\u00e4sten d\u00f6k aldrig upp<\/p>\n<p>Till f\u00f6rhandlingen i hyresn\u00e4mnden d\u00f6k inte hyresg\u00e4sten upp \u2013 trots att han riskerade att bli av med sitt hem. Han gick inte att f\u00e5 tag i p\u00e5 telefon eller p\u00e5 annat s\u00e4tt. Hyresn\u00e4mnden utgick fr\u00e5n att hyresg\u00e4sten motsatte sig att kontraktet ska upph\u00f6ra, och \u00e4rendet kom att avg\u00f6ras \u00e4nd\u00e5.<\/p>\n<p>Hyresn\u00e4mnden i Sundsvall konstaterar att kommunen inte skickat n\u00e5gon r\u00e4ttelse. Det kr\u00e4vs om hyresg\u00e4sten ska s\u00e4gas upp p\u00e5 grund av f\u00f6rverkande.<\/p>\n<p>\u201dBevisningen \u00e4r f\u00f6r tunn\u201d<\/p>\n<p>Om det i st\u00e4llet handlar om att kontraktet inte ska f\u00f6rl\u00e4ngas p\u00e5 grund av att hyresg\u00e4sten \u00e5sidosatt sina f\u00f6rpliktelser, anser hyresn\u00e4mnden att dokumentationen \u00e4r f\u00f6r tunn. En polisanm\u00e4lan med tv\u00e5 fotografier p\u00e5 d\u00f6rren, muntliga uppgifter som det inte framg\u00e5r vem som l\u00e4mnat och om vad eller n\u00e4r, \u00e4r inte tillr\u00e4ckligt f\u00f6r att mannen ska \u00e5ka ut fr\u00e5n hyresr\u00e4tten han bott i de senaste 25 \u00e5ren.<\/p>\n<p>    <img fetchpriority=\"high\" decoding=\"async\" class=\"wp-image-99809 size-full\" src=\"https:\/\/www.europesays.com\/se\/wp-content\/uploads\/2025\/12\/niclas-sundell-webb.jpg\" alt=\"Halvkropps portr\u00e4ttfoto p\u00e5 Niclas Sundell, jurist, i denimbl\u00e5 skjorta och kortklippt cendr\u00e9f\u00e4rgat h\u00e5r, i ett stort rum med ljusa bord och r\u00f6da och svarta stolar i osk\u00e4rpa bakom. Niclas Sundell s\u00e4ger att man kan argumentera f\u00f6r att det kr\u00e4vs tillst\u00e5nd f\u00f6r att installera ett element som \u00e4r s\u00e5 tjockt att ens s\u00e4ng inte f\u00e5r plats.\" width=\"1200\" height=\"750\"   data-large=\"\/app\/uploads\/2024\/10\/niclas-sundell-webb.jpg\" data-medium=\"\/app\/uploads\/2024\/10\/niclas-sundell-webb-600x375.jpg\"\/><\/p>\n<p>Foto: Johan Guns\u00e9us\/Hyresg\u00e4stf\u00f6reningen<\/p>\n<p>  Niclas Sundell, f\u00f6rbundsjurist p\u00e5 Hyresg\u00e4stf\u00f6reningen.<\/p>\n<p>Trots att hyresg\u00e4sten inte p\u00e5 n\u00e5got s\u00e4tt framf\u00f6rt sina argument f\u00e5r han allts\u00e5 bo kvar. Niclas Sundell, f\u00f6rbundsjurist p\u00e5 Hyresg\u00e4stf\u00f6reningen, konstaterar att det \u00e4r v\u00e4rden som har bevisb\u00f6rdan. En polisanm\u00e4lan som inte lett till en dom \u00e4r inte tillr\u00e4ckligt. Det \u00e4r, som i det h\u00e4r fallet, inte helt ovanligt att grannar inte vill vittna.<\/p>\n<p>\u2013 Det finns emellertid andra m\u00f6jligheter. V\u00e4rdens f\u00f6rvaltning eller st\u00f6rningsjouren kan i sin yrkesroll g\u00e5 in och ber\u00e4tta vad grannarna varit med om, s\u00e4ger Niclas Sundell.<\/p>\n<p>N\u00e5gra s\u00e5dana vittnesm\u00e5l f\u00f6rekommer inte i det h\u00e4r \u00e4rendet. Beslutet har inte \u00f6verklagats och har hunnit vinna laga kraft.<\/p>\n<p>L\u00e4s mer i v\u00e5r guide om hur du kan g\u00f6ra n\u00e4r grannen st\u00f6r <a href=\"https:\/\/www.hemhyra.se\/nyheter\/guide-sa-kan-du-gora-vid-storningar-fran-grannen\/\" rel=\"nofollow noopener\" target=\"_blank\">h\u00e4r<\/a><\/p>\n","protected":false},"excerpt":{"rendered":"Idag kl 12:30 Nyheter Anklagelserna \u00e4r allvarliga \u2013 men uppgifterna \u00e4r alldeles f\u00f6r vaga och bevisningen f\u00f6r svag.&hellip;\n","protected":false},"author":2,"featured_media":120819,"comment_status":"","ping_status":"","sticky":false,"template":"","format":"standard","meta":{"footnotes":""},"categories":[12],"tags":[22,23,26,27,17,21,24,25,28,29,15,16,18,34,31,33,32,30,19,20],"class_list":{"0":"post-120818","1":"post","2":"type-post","3":"status-publish","4":"format-standard","5":"has-post-thumbnail","7":"category-sverige","8":"tag-breaking-news","9":"tag-breakingnews","10":"tag-featured-news","11":"tag-featurednews","12":"tag-headlines","13":"tag-huvudnyheter","14":"tag-latest-news","15":"tag-latestnews","16":"tag-main-news","17":"tag-mainnews","18":"tag-news","19":"tag-nyheter","20":"tag-rubriker","21":"tag-se","22":"tag-svenska","23":"tag-sverige","24":"tag-sweden","25":"tag-swedish","26":"tag-top-stories","27":"tag-topstories"},"share_on_mastodon":{"url":"https:\/\/pubeurope.com\/@se\/115808372267441235","error":""},"_links":{"self":[{"href":"https:\/\/www.europesays.com\/se\/wp-json\/wp\/v2\/posts\/120818","targetHints":{"allow":["GET"]}}],"collection":[{"href":"https:\/\/www.europesays.com\/se\/wp-json\/wp\/v2\/posts"}],"about":[{"href":"https:\/\/www.europesays.com\/se\/wp-json\/wp\/v2\/types\/post"}],"author":[{"embeddable":true,"href":"https:\/\/www.europesays.com\/se\/wp-json\/wp\/v2\/users\/2"}],"replies":[{"embeddable":true,"href":"https:\/\/www.europesays.com\/se\/wp-json\/wp\/v2\/comments?post=120818"}],"version-history":[{"count":0,"href":"https:\/\/www.europesays.com\/se\/wp-json\/wp\/v2\/posts\/120818\/revisions"}],"wp:featuredmedia":[{"embeddable":true,"href":"https:\/\/www.europesays.com\/se\/wp-json\/wp\/v2\/media\/120819"}],"wp:attachment":[{"href":"https:\/\/www.europesays.com\/se\/wp-json\/wp\/v2\/media?parent=120818"}],"wp:term":[{"taxonomy":"category","embeddable":true,"href":"https:\/\/www.europesays.com\/se\/wp-json\/wp\/v2\/categories?post=120818"},{"taxonomy":"post_tag","embeddable":true,"href":"https:\/\/www.europesays.com\/se\/wp-json\/wp\/v2\/tags?post=120818"}],"curies":[{"name":"wp","href":"https:\/\/api.w.org\/{rel}","templated":true}]}}